{"id":25320,"date":"2023-07-20T08:49:39","date_gmt":"2023-07-20T08:49:39","guid":{"rendered":"https:\/\/www.iceagetv.com\/radiosite\/?p=25320"},"modified":"2023-07-20T08:49:39","modified_gmt":"2023-07-20T08:49:39","slug":"charente-maritime-une-femme-aveugle-de-97-ans-menacee-dexpulsion-pour-des-loyers-impayes-son-avocat-denonce-une-procedure-cynique","status":"publish","type":"post","link":"https:\/\/www.iceagetv.com\/radiosite\/charente-maritime-une-femme-aveugle-de-97-ans-menacee-dexpulsion-pour-des-loyers-impayes-son-avocat-denonce-une-procedure-cynique\/","title":{"rendered":"Charente-Maritime : Une femme aveugle de 97 ans menac\u00e9e d&rsquo;expulsion pour des loyers impay\u00e9s &#8211; Son avocat d\u00e9nonce une proc\u00e9dure \u00ab\u00a0cynique\u00a0\u00bb"},"content":{"rendered":"\n<p>La pr\u00e9fecture de Charente-Maritime a autoris\u00e9 l\u2019expulsion d\u2019une locataire en raison d\u2019impay\u00e9s. L\u2019avocat de cette derni\u00e8re juge cette proc\u00e9dure cynique, sa cliente ayant 97 ans et \u00e9tant aveugle, rapporte l\u2019AFP.<\/p>\n\n\n\n<p>Et pour cause, la nonag\u00e9naire a plusieurs milliers d\u2019euros de&nbsp;loyers impay\u00e9s, ce qu\u2019elle conteste. Le litige avait \u00e9t\u00e9 tranch\u00e9 une premi\u00e8re fois en sa d\u00e9faveur, en mars 2019 par le tribunal judiciaire de La Rochelle, puis en novembre 2020 par le tribunal de Poitiers.<\/p>\n\n\n\n<p>Ce m\u00eame mercredi, le d\u00e9put\u00e9 MoDem de La Rochelle Olivier Falorni a \u00e9crit au ministre de l&rsquo;Int\u00e9rieur G\u00e9rald Darmanin au sujet de l&rsquo;affaire, d\u00e9non\u00e7ant un \u00abexc\u00e8s de z\u00e8le totalement d\u00e9shumanis\u00e9\u00bb qu&rsquo;il esp\u00e8re \u00abvoir stopp\u00e9 le plus rapidement possible\u00bb.<\/p>\n\n\n\n<p>Le 22 juin dernier, soit plus de trois ans apr\u00e8s le d\u00e9but de la proc\u00e9dure, la commission d\u00e9partementale de coordination des expulsions locatives avait \u00e9mis un \u00abavis favorable \u00e0 l&rsquo;octroi du concours de la force publique\u00bb.<\/p>\n\n\n\n<p>Le pr\u00e9fet avait ainsi alert\u00e9 par courrier la locataire de 97 ans sur la date de son expulsion pr\u00e9vue \u00e0 partir du 16 ao\u00fbt. Dans la lettre figurait \u00e9galement une mention l\u2019informant qu\u2019elle pouvait \u00abcontacter par t\u00e9l\u00e9phone le 115\u00bb si elle ne trouvait pas de solution de relogement d&rsquo;ici l\u00e0, rapporte&nbsp;<a href=\"https:\/\/www.cnews.fr\/france\/2023-07-19\/charente-maritime-97-ans-et-aveugle-elle-est-menacee-dexpulsion-pour-des-loyers-0\" target=\"_blank\" rel=\"noreferrer noopener\">CNews<\/a><\/p>\n\n\n\n<p>Cette d\u00e9cision a suscit\u00e9 l\u2019indignation de la d\u00e9fense de la nonag\u00e9naire : \u00abQuel danger peut-elle bien repr\u00e9senter ?\u00bb, a interrog\u00e9 son avocat Fran\u00e7ois Drageon.<\/p>\n\n\n\n<p>\u00abC&rsquo;est une r\u00e9fugi\u00e9e du franquisme. Elle est arriv\u00e9e en France il y a quatre-vingts ans, occupe depuis soixante ans cette maison \u00e0 La Rochelle et on va l&rsquo;expulser sans autre solution que d&rsquo;appeler le 115. C&rsquo;est une condamnation \u00e0 mort\u00bb, a-t-il poursuivi face \u00e0 l\u2019AFP.<\/p>\n\n\n\n<p>De son c\u00f4t\u00e9, le cabinet du pr\u00e9fet a justifi\u00e9 cette proc\u00e9dure par&nbsp;des loyers impay\u00e9s&nbsp;depuis 2017 : \u00abEn 2020, on constate la vuln\u00e9rabilit\u00e9 de cette dame et on met en place un accompagnement social jusqu&rsquo;\u00e0 fin 2022. Deux logements lui ont \u00e9t\u00e9 propos\u00e9s, elle les a refus\u00e9s\u00bb, a expliqu\u00e9 Marie-\u00c9lise Tilly, directrice de cabinet, interrog\u00e9e par l&rsquo;AFP.<\/p>\n\n\n\n<p>La pr\u00e9fecture a mentionn\u00e9 que le courrier envoy\u00e9 au d\u00e9but du mois de juillet \u00e0 la dame aveugle de 97 ans a permis \u00e0 cette derni\u00e8re de se \u00abremobiliser\u00bb, en envoyant une nouvelle demande de logement aux bailleurs sociaux.<\/p>\n\n\n\n<p>En mars dernier, une pr\u00e9c\u00e9dente lettre lui avait \u00e9t\u00e9 adress\u00e9e, mais elle n\u2019avait pas abouti, en raison des \u00abcontraintes\u00bb li\u00e9es \u00e0 l&rsquo;\u00e2ge et \u00e0 la sant\u00e9 de la nonag\u00e9naire, selon l\u2019avocat de cette derni\u00e8re.<\/p>\n\n\n\n<p>D&rsquo;apr\u00e8s lui, au-del\u00e0 du litige financier, l&rsquo;expulsion de la vieille dame conditionnerait une op\u00e9ration de promotion immobili\u00e8re pour laquelle la maison doit \u00eatre ras\u00e9e.<\/p>\n","protected":false},"excerpt":{"rendered":"<p>La pr\u00e9fecture de Charente-Maritime a autoris\u00e9 l\u2019expulsion d\u2019une locataire en raison d\u2019impay\u00e9s. L\u2019avocat de cette derni\u00e8re juge cette proc\u00e9dure cynique, sa cliente ayant 97 ans et \u00e9tant aveugle, rapporte l\u2019AFP. Et pour cause, la nonag\u00e9naire a plusieurs milliers d\u2019euros de&nbsp;loyers impay\u00e9s, ce qu\u2019elle conteste. Le litige avait \u00e9t\u00e9 tranch\u00e9 une premi\u00e8re fois en sa d\u00e9faveur, [&hellip;]<\/p>\n","protected":false},"author":2,"featured_media":25321,"comment_status":"open","ping_status":"open","sticky":false,"template":"","format":"standard","meta":{"_jetpack_memberships_contains_paid_content":false,"footnotes":"","jetpack_publicize_message":"","jetpack_publicize_feature_enabled":true,"jetpack_social_post_already_shared":true,"jetpack_social_options":{"image_generator_settings":{"template":"highway","default_image_id":0,"font":"","enabled":false},"version":2},"_wpas_customize_per_network":false},"categories":[405],"tags":[],"class_list":["post-25320","post","type-post","status-publish","format-standard","has-post-thumbnail","hentry","category-actu-france-monde"],"jetpack_publicize_connections":[],"jetpack_featured_media_url":"https:\/\/i0.wp.com\/www.iceagetv.com\/radiosite\/wp-content\/uploads\/2023\/07\/Charente-Maritime.jpg?fit=549%2C258&ssl=1","jetpack_sharing_enabled":true,"_links":{"self":[{"href":"https:\/\/www.iceagetv.com\/radiosite\/wp-json\/wp\/v2\/posts\/25320","targetHints":{"allow":["GET"]}}],"collection":[{"href":"https:\/\/www.iceagetv.com\/radiosite\/wp-json\/wp\/v2\/posts"}],"about":[{"href":"https:\/\/www.iceagetv.com\/radiosite\/wp-json\/wp\/v2\/types\/post"}],"author":[{"embeddable":true,"href":"https:\/\/www.iceagetv.com\/radiosite\/wp-json\/wp\/v2\/users\/2"}],"replies":[{"embeddable":true,"href":"https:\/\/www.iceagetv.com\/radiosite\/wp-json\/wp\/v2\/comments?post=25320"}],"version-history":[{"count":1,"href":"https:\/\/www.iceagetv.com\/radiosite\/wp-json\/wp\/v2\/posts\/25320\/revisions"}],"predecessor-version":[{"id":25322,"href":"https:\/\/www.iceagetv.com\/radiosite\/wp-json\/wp\/v2\/posts\/25320\/revisions\/25322"}],"wp:featuredmedia":[{"embeddable":true,"href":"https:\/\/www.iceagetv.com\/radiosite\/wp-json\/wp\/v2\/media\/25321"}],"wp:attachment":[{"href":"https:\/\/www.iceagetv.com\/radiosite\/wp-json\/wp\/v2\/media?parent=25320"}],"wp:term":[{"taxonomy":"category","embeddable":true,"href":"https:\/\/www.iceagetv.com\/radiosite\/wp-json\/wp\/v2\/categories?post=25320"},{"taxonomy":"post_tag","embeddable":true,"href":"https:\/\/www.iceagetv.com\/radiosite\/wp-json\/wp\/v2\/tags?post=25320"}],"curies":[{"name":"wp","href":"https:\/\/api.w.org\/{rel}","templated":true}]}}