{"id":25323,"date":"2023-07-20T11:19:45","date_gmt":"2023-07-20T11:19:45","guid":{"rendered":"https:\/\/www.iceagetv.com\/radiosite\/?p=25323"},"modified":"2023-07-20T11:19:45","modified_gmt":"2023-07-20T11:19:45","slug":"beziers-lhomme-vise-par-une-oqtf-que-robert-menard-avait-refuse-de-marier-a-ete-expulse-vers-lalgerie-ce-matin-il-avait-ete-place-en-zone-de-retention-administrative-a-sete-lundi","status":"publish","type":"post","link":"https:\/\/www.iceagetv.com\/radiosite\/beziers-lhomme-vise-par-une-oqtf-que-robert-menard-avait-refuse-de-marier-a-ete-expulse-vers-lalgerie-ce-matin-il-avait-ete-place-en-zone-de-retention-administrative-a-sete-lundi\/","title":{"rendered":"B\u00e9ziers: L\u2019homme vis\u00e9 par une OQTF que Robert M\u00e9nard avait refus\u00e9 de marier a \u00e9t\u00e9 expuls\u00e9 vers l\u2019Alg\u00e9rie ce matin &#8211; Il avait \u00e9t\u00e9 plac\u00e9 en zone de r\u00e9tention administrative \u00e0 S\u00e8te lundi"},"content":{"rendered":"\n<p>Ce matin \u00e0 9 heures, le jeune homme que Robert M\u00e9nard avait refus\u00e9 de marier \u00e0 B\u00e9ziers a \u00e9t\u00e9 expuls\u00e9 vers l\u2019Alg\u00e9rie, indique une source proche du dossier au&nbsp;<a href=\"https:\/\/www.lefigaro.fr\/faits-divers\/beziers-l-homme-que-robert-menard-refusait-de-marier-a-ete-expulse-vers-l-algerie-20230720\" target=\"_blank\" rel=\"noreferrer noopener\">Figaro<\/a>.<\/p>\n\n\n\n<p>Rappelons que l&rsquo;homme, \u00e2g\u00e9 de 23 ans, \u00e9tait sur le territoire fran\u00e7ais depuis ses 16 ans en situation irr\u00e9guli\u00e8re et \u00e9tait vis\u00e9 par une obligation de quitter le territoire (OQTF) depuis le 26 ao\u00fbt 2022. \u00ab\u00a0Il avait \u00e9t\u00e9 plac\u00e9 en zone de r\u00e9tention administrative \u00e0 S\u00e8te lundi\u00a0\u00bb, rappellent nos confr\u00e8res.<\/p>\n\n\n\n<p>Rappelons que d\u00e9but juillet,&nbsp;le maire de B\u00e9ziers&nbsp;avait refus\u00e9 de le marier.<\/p>\n\n\n\n<p>\u00ab\u00a0Cette situation est ubuesque\u00a0\u00bb d\u00e9clarait Robert M\u00e9nard \u00e0 France Bleu le 7 juillet : \u00ab\u00a0Le gouvernement se plaint de ne pas retrouver les individus qui doivent \u00eatre expuls\u00e9s du territoire, et l\u00e0 il va y en avoir un dans ma mairie, et je vais devoir le marier ? Il n\u2019en est pas question !\u00a0\u00bb<\/p>\n\n\n\n<p>Le couple ensemble depuis 2022 d\u00e9ment les accusations port\u00e9es par l&rsquo;\u00e9lu : \u00ab\u00a0On est amoureux\u00a0\u00bb. Suite \u00e0 ce refus de la mairie, ils ont aussit\u00f4t port\u00e9 plainte au commissariat de B\u00e9ziers. Une plainte identique a \u00e9t\u00e9 d\u00e9pos\u00e9e par SOS Racisme au niveau national.<\/p>\n","protected":false},"excerpt":{"rendered":"<p>Ce matin \u00e0 9 heures, le jeune homme que Robert M\u00e9nard avait refus\u00e9 de marier \u00e0 B\u00e9ziers a \u00e9t\u00e9 expuls\u00e9 vers l\u2019Alg\u00e9rie, indique une source proche du dossier au&nbsp;Figaro. Rappelons que l&rsquo;homme, \u00e2g\u00e9 de 23 ans, \u00e9tait sur le territoire fran\u00e7ais depuis ses 16 ans en situation irr\u00e9guli\u00e8re et \u00e9tait vis\u00e9 par une obligation de [&hellip;]<\/p>\n","protected":false},"author":2,"featured_media":25324,"comment_status":"open","ping_status":"open","sticky":false,"template":"","format":"standard","meta":{"_jetpack_memberships_contains_paid_content":false,"footnotes":"","jetpack_publicize_message":"","jetpack_publicize_feature_enabled":true,"jetpack_social_post_already_shared":true,"jetpack_social_options":{"image_generator_settings":{"template":"highway","default_image_id":0,"font":"","enabled":false},"version":2},"_wpas_customize_per_network":false},"categories":[405],"tags":[],"class_list":["post-25323","post","type-post","status-publish","format-standard","has-post-thumbnail","hentry","category-actu-france-monde"],"jetpack_publicize_connections":[],"jetpack_featured_media_url":"https:\/\/i0.wp.com\/www.iceagetv.com\/radiosite\/wp-content\/uploads\/2023\/07\/Lhomme-vise-par-une-OQTF.jpg?fit=679%2C293&ssl=1","jetpack_sharing_enabled":true,"_links":{"self":[{"href":"https:\/\/www.iceagetv.com\/radiosite\/wp-json\/wp\/v2\/posts\/25323","targetHints":{"allow":["GET"]}}],"collection":[{"href":"https:\/\/www.iceagetv.com\/radiosite\/wp-json\/wp\/v2\/posts"}],"about":[{"href":"https:\/\/www.iceagetv.com\/radiosite\/wp-json\/wp\/v2\/types\/post"}],"author":[{"embeddable":true,"href":"https:\/\/www.iceagetv.com\/radiosite\/wp-json\/wp\/v2\/users\/2"}],"replies":[{"embeddable":true,"href":"https:\/\/www.iceagetv.com\/radiosite\/wp-json\/wp\/v2\/comments?post=25323"}],"version-history":[{"count":1,"href":"https:\/\/www.iceagetv.com\/radiosite\/wp-json\/wp\/v2\/posts\/25323\/revisions"}],"predecessor-version":[{"id":25325,"href":"https:\/\/www.iceagetv.com\/radiosite\/wp-json\/wp\/v2\/posts\/25323\/revisions\/25325"}],"wp:featuredmedia":[{"embeddable":true,"href":"https:\/\/www.iceagetv.com\/radiosite\/wp-json\/wp\/v2\/media\/25324"}],"wp:attachment":[{"href":"https:\/\/www.iceagetv.com\/radiosite\/wp-json\/wp\/v2\/media?parent=25323"}],"wp:term":[{"taxonomy":"category","embeddable":true,"href":"https:\/\/www.iceagetv.com\/radiosite\/wp-json\/wp\/v2\/categories?post=25323"},{"taxonomy":"post_tag","embeddable":true,"href":"https:\/\/www.iceagetv.com\/radiosite\/wp-json\/wp\/v2\/tags?post=25323"}],"curies":[{"name":"wp","href":"https:\/\/api.w.org\/{rel}","templated":true}]}}