{"id":25344,"date":"2023-07-23T15:15:54","date_gmt":"2023-07-23T15:15:54","guid":{"rendered":"https:\/\/www.iceagetv.com\/radiosite\/?p=25344"},"modified":"2023-07-23T15:15:54","modified_gmt":"2023-07-23T15:15:54","slug":"une-information-judiciaire-ouverte-pour-tentative-dassassinat-apres-lattaque-du-domicile-de-vincent-jeanbrun-maire-de-lhay-les-roses-annonce-le-parquet-de-creteil-a-lafp","status":"publish","type":"post","link":"https:\/\/www.iceagetv.com\/radiosite\/une-information-judiciaire-ouverte-pour-tentative-dassassinat-apres-lattaque-du-domicile-de-vincent-jeanbrun-maire-de-lhay-les-roses-annonce-le-parquet-de-creteil-a-lafp\/","title":{"rendered":"Une information judiciaire ouverte, pour \u00ab\u00a0tentative d&rsquo;assassinat\u00a0\u00bb, apr\u00e8s l&rsquo;attaque du domicile de Vincent Jeanbrun, maire de L&rsquo;Ha\u00ff-les-Roses, annonce le parquet de Cr\u00e9teil \u00e0 l&rsquo;AFP."},"content":{"rendered":"\n<p>Une information judiciaire a \u00e9t\u00e9 ouverte, notamment pour \u00ab\u00a0tentative d&rsquo;assassinat\u00a0\u00bb, apr\u00e8s l&rsquo;attaque du domicile du maire de L&rsquo;Ha\u00ff-les-Roses, annonce le parquet de Cr\u00e9teil \u00e0 l&rsquo;AFP.&nbsp;Dans la nuit du 1er&nbsp;au 2&nbsp;juillet, au c\u0153ur des \u00e9meutes caus\u00e9es dans toute la&nbsp;France&nbsp;par la mort du jeune Nahel, tu\u00e9 le 27&nbsp;juin \u00e0 Nanterre par un policier, un v\u00e9hicule enflamm\u00e9 avait \u00e9t\u00e9 pr\u00e9cipit\u00e9&nbsp;sur le pavillon du maire, Vincent Jeanbrun (LR), causant notamment l&rsquo;incendie de la voiture familiale.&nbsp;<\/p>\n\n\n\n<p>Pr\u00e9sente dans la maison, l&rsquo;\u00e9pouse de l&rsquo;\u00e9lu, la conseill\u00e8re d\u00e9partementale M\u00e9lanie Nowak, s&rsquo;\u00e9tait bless\u00e9e en prenant la fuite avec ses deux jeunes enfants.<\/p>\n\n\n\n<p>\u00ab&nbsp;On ne peut pas affirmer&nbsp;\u00bb qu&rsquo;il existe un lien entre les \u00e9meutes survenues \u00e0 travers le pays apr\u00e8s la mort du jeune Nahel et l&rsquo;attaque du domicile du maire de L&rsquo;Ha\u00ff-les-Roses, a tenu \u00e0 pr\u00e9ciser le parquet de Cr\u00e9teil.<\/p>\n\n\n\n<p>Douze personnes ont \u00e9t\u00e9 interpell\u00e9es, mercredi 12 juillet, dans le cadre de l&rsquo;enqu\u00eate ouverte apr\u00e8s l&rsquo;attaque \u00e0 la voiture-b\u00e9lier contre le domicile du maire de L&rsquo;Ha\u00ff-les-Roses (Val-de-Marne), qui avait caus\u00e9 l&rsquo;indignation de tout le pays.&nbsp;<\/p>\n\n\n\n<p>Confi\u00e9e \u00e0 la police judiciaire du d\u00e9partement, l&rsquo;enqu\u00eate a \u00e9t\u00e9 initialement ouverte par le parquet pour tentative d&rsquo;assassinat. Elle a \u00e9t\u00e9 \u00e9largie depuis aux chefs d&rsquo;association de malfaiteurs en vue de commettre un crime et destruction de bien par incendie en bande organis\u00e9e.<\/p>\n\n\n\n<p>Le procureur de Cr\u00e9teil, St\u00e9phane Hardouin, avait rapport\u00e9 sit\u00f4t apr\u00e8s les faits que la pr\u00e9sence de plusieurs individus sur le lieu de l&rsquo;attaque \u00e9tait \u00ab confirm\u00e9e \u00bb.<\/p>\n","protected":false},"excerpt":{"rendered":"<p>Une information judiciaire a \u00e9t\u00e9 ouverte, notamment pour \u00ab\u00a0tentative d&rsquo;assassinat\u00a0\u00bb, apr\u00e8s l&rsquo;attaque du domicile du maire de L&rsquo;Ha\u00ff-les-Roses, annonce le parquet de Cr\u00e9teil \u00e0 l&rsquo;AFP.&nbsp;Dans la nuit du 1er&nbsp;au 2&nbsp;juillet, au c\u0153ur des \u00e9meutes caus\u00e9es dans toute la&nbsp;France&nbsp;par la mort du jeune Nahel, tu\u00e9 le 27&nbsp;juin \u00e0 Nanterre par un policier, un v\u00e9hicule enflamm\u00e9 avait [&hellip;]<\/p>\n","protected":false},"author":2,"featured_media":25345,"comment_status":"open","ping_status":"open","sticky":false,"template":"","format":"standard","meta":{"_jetpack_memberships_contains_paid_content":false,"footnotes":"","jetpack_publicize_message":"","jetpack_publicize_feature_enabled":true,"jetpack_social_post_already_shared":true,"jetpack_social_options":{"image_generator_settings":{"template":"highway","default_image_id":0,"font":"","enabled":false},"version":2},"_wpas_customize_per_network":false},"categories":[405],"tags":[],"class_list":["post-25344","post","type-post","status-publish","format-standard","has-post-thumbnail","hentry","category-actu-france-monde"],"jetpack_publicize_connections":[],"jetpack_featured_media_url":"https:\/\/i0.wp.com\/www.iceagetv.com\/radiosite\/wp-content\/uploads\/2023\/07\/Vincent-Jeanbrun.jpg?fit=679%2C293&ssl=1","jetpack_sharing_enabled":true,"_links":{"self":[{"href":"https:\/\/www.iceagetv.com\/radiosite\/wp-json\/wp\/v2\/posts\/25344","targetHints":{"allow":["GET"]}}],"collection":[{"href":"https:\/\/www.iceagetv.com\/radiosite\/wp-json\/wp\/v2\/posts"}],"about":[{"href":"https:\/\/www.iceagetv.com\/radiosite\/wp-json\/wp\/v2\/types\/post"}],"author":[{"embeddable":true,"href":"https:\/\/www.iceagetv.com\/radiosite\/wp-json\/wp\/v2\/users\/2"}],"replies":[{"embeddable":true,"href":"https:\/\/www.iceagetv.com\/radiosite\/wp-json\/wp\/v2\/comments?post=25344"}],"version-history":[{"count":1,"href":"https:\/\/www.iceagetv.com\/radiosite\/wp-json\/wp\/v2\/posts\/25344\/revisions"}],"predecessor-version":[{"id":25346,"href":"https:\/\/www.iceagetv.com\/radiosite\/wp-json\/wp\/v2\/posts\/25344\/revisions\/25346"}],"wp:featuredmedia":[{"embeddable":true,"href":"https:\/\/www.iceagetv.com\/radiosite\/wp-json\/wp\/v2\/media\/25345"}],"wp:attachment":[{"href":"https:\/\/www.iceagetv.com\/radiosite\/wp-json\/wp\/v2\/media?parent=25344"}],"wp:term":[{"taxonomy":"category","embeddable":true,"href":"https:\/\/www.iceagetv.com\/radiosite\/wp-json\/wp\/v2\/categories?post=25344"},{"taxonomy":"post_tag","embeddable":true,"href":"https:\/\/www.iceagetv.com\/radiosite\/wp-json\/wp\/v2\/tags?post=25344"}],"curies":[{"name":"wp","href":"https:\/\/api.w.org\/{rel}","templated":true}]}}