{"id":25356,"date":"2023-07-24T18:52:06","date_gmt":"2023-07-24T18:52:06","guid":{"rendered":"https:\/\/www.iceagetv.com\/radiosite\/?p=25356"},"modified":"2023-07-24T18:52:06","modified_gmt":"2023-07-24T18:52:06","slug":"orage-entre-doubs-et-suisse-des-vents-destructeurs-et-meurtriers","status":"publish","type":"post","link":"https:\/\/www.iceagetv.com\/radiosite\/orage-entre-doubs-et-suisse-des-vents-destructeurs-et-meurtriers\/","title":{"rendered":"Orage entre Doubs et Suisse : des vents destructeurs et meurtriers"},"content":{"rendered":"\n<p>Ce 24 juillet en fin de matin\u00e9e, un orage a g\u00e9n\u00e9r\u00e9 des vents d&rsquo;une rare violence \u00e0 la fronti\u00e8re franco-suisse, causant de lourds d\u00e9g\u00e2ts.<\/p>\n\n\n\n<h3 class=\"wp-block-heading\">Orage en structure lin\u00e9aire<\/h3>\n\n\n\n<p>Pr\u00e8s de 3 heures avant de faire des ravages \u00e0 la fronti\u00e8re franco-suisse, l\u2019orage s\u2019est intensifi\u00e9 vers 9 heures du matin ce lundi dans le d\u00e9partement de la Sa\u00f4ne-et-Loire. Rapidement, il a adopt\u00e9 une structure lin\u00e9aire bien visible sur les images radar ci-dessous. Ce fut notamment le cas entre le nord-est de la Sa\u00f4ne-et-Loire et le nord du Jura avant qu\u2019il ne gagne le Doubs et n\u2019atteigne son intensit\u00e9 maximale \u00e0 la fronti\u00e8re franco-suisse peu avant la mi-journ\u00e9e.De par sa structure lin\u00e9aire, cet orage pr\u00e9sentait un potentiel venteux important qui n\u2019a pas tard\u00e9 \u00e0 se faire remarquer. D\u00e8s 10 heures, nous avons relay\u00e9 sur nos r\u00e9seaux sociaux et notre suivi d\u2019intemp\u00e9ries des images de rafales de vent temp\u00e9tueuses dans le nord-est du d\u00e9partement de la Sa\u00f4ne-et-Loire, correspondant au moment o\u00f9 l\u2019orage venait d\u2019adopter sa structure lin\u00e9aire.<\/p>\n\n\n\n<h3 class=\"wp-block-heading\">Le Doubs premier touch\u00e9<\/h3>\n\n\n\n<p>C\u2019est aux environs de 11h15 ce lundi que la situation a v\u00e9ritablement d\u00e9g\u00e9n\u00e9r\u00e9 dans l\u2019est du d\u00e9partement du Doubs. En atteignant le village de Montlebon et ses 2.000 habitants, un rideau de pr\u00e9cipitations remarquablement dense a \u00e9t\u00e9 film\u00e9. Ce dernier se propageait plus vite pr\u00e8s du sol qu\u2019en altitude, un signe qui indique de puissantes rafales descendantes (micro-rafales ou macro-rafales). Cependant, des enqu\u00eates de terrain ont \u00e9t\u00e9 engag\u00e9es afin d\u2019\u00e9valuer la possibilit\u00e9 qu\u2019une tornade ait pu se cacher derri\u00e8re le rideau de pr\u00e9cipitations.Des rafales particuli\u00e8rement puissantes ont alors balay\u00e9 la commune de Montlebon en causant des d\u00e9g\u00e2ts notables. Certains b\u00e2timents et habitations ont vu leurs toitures se faire litt\u00e9ralement arracher par l\u2019orage ! Les pompiers du SDIS sont intervenus tout au long de l\u2019apr\u00e8s-midi et restaient mobilis\u00e9s en soir\u00e9e de lundi. Fort heureusement, il n\u2019y a pas de victime \u00e0 d\u00e9plorer \u00e0 Montlebon.<\/p>\n\n\n\n<h3 class=\"wp-block-heading\">Le Locle et La Chaux-de-Fonds durement touch\u00e9es<\/h3>\n\n\n\n<p>L\u2019orage a ensuite atteint sa maturit\u00e9 en passant la fronti\u00e8re. La commune frontali\u00e8re du Locle et ses 10.000 habitants ont subi des vents d\u2019une rare violence aux alentours de 11h20. Certains quartiers de la ville ont \u00e9t\u00e9 tr\u00e8s fortement endommag\u00e9s avec des b\u00e2timents d\u2019entreprise \u00e9ventr\u00e9s et des v\u00e9hicules \u00e9cras\u00e9s par les d\u00e9bris. On peut m\u00eame observer un gros morceau de b\u00e9ton encastr\u00e9 dans une voiture !Apr\u00e8s avoir durement frapp\u00e9 Le Locle, l\u2019orage a poursuivi son chemin \u00e0 La Chaux-de-Fonds, ville suisse de 37.000 habitants. L\u00e0 aussi, les vents ont atteint une intensit\u00e9 remarquable. La station de l\u2019a\u00e9rodrome a mesur\u00e9 une rafale de<strong>\u00a0217 km\/h<\/strong>, permettant de prendre conscience de la puissance monstre des rafales associ\u00e9es \u00e0 cet orage ! Durant quelques minutes, ce fut l\u2019apocalypse dans les rues avec des toitures arrach\u00e9es et des d\u00e9bris \u00e0 foison. Les images ci-dessous sont particuli\u00e8rement impressionnantes.En plus de d\u00e9g\u00e2ts mat\u00e9riels particuli\u00e8rement importants,\u00a0<strong>une personne est d\u00e9c\u00e9d\u00e9e<\/strong>\u00a0\u00e0 La Chaux-de-Fonds. Cette derni\u00e8re a \u00e9t\u00e9 \u00e9cras\u00e9e par la chute d\u2019une grue en pleine rue. Cette grue a d\u2019ailleurs d\u00e9clench\u00e9 un incendie en tombant sur une voiture. On d\u00e9nombre aussi plusieurs dizaines de bless\u00e9s sur les communes pr\u00e9-cit\u00e9es. Ce bilan para\u00eet presque l\u00e9ger compte tenu de la puissance rarissime des rafales observ\u00e9es.<\/p>\n","protected":false},"excerpt":{"rendered":"<p>Ce 24 juillet en fin de matin\u00e9e, un orage a g\u00e9n\u00e9r\u00e9 des vents d&rsquo;une rare violence \u00e0 la fronti\u00e8re franco-suisse, causant de lourds d\u00e9g\u00e2ts. Orage en structure lin\u00e9aire Pr\u00e8s de 3 heures avant de faire des ravages \u00e0 la fronti\u00e8re franco-suisse, l\u2019orage s\u2019est intensifi\u00e9 vers 9 heures du matin ce lundi dans le d\u00e9partement de [&hellip;]<\/p>\n","protected":false},"author":2,"featured_media":25357,"comment_status":"open","ping_status":"open","sticky":false,"template":"","format":"standard","meta":{"_jetpack_memberships_contains_paid_content":false,"footnotes":"","jetpack_publicize_message":"","jetpack_publicize_feature_enabled":true,"jetpack_social_post_already_shared":true,"jetpack_social_options":{"image_generator_settings":{"template":"highway","default_image_id":0,"font":"","enabled":false},"version":2},"_wpas_customize_per_network":false},"categories":[14],"tags":[],"class_list":["post-25356","post","type-post","status-publish","format-standard","has-post-thumbnail","hentry","category-actu-meteo"],"jetpack_publicize_connections":[],"jetpack_featured_media_url":"https:\/\/i0.wp.com\/www.iceagetv.com\/radiosite\/wp-content\/uploads\/2023\/07\/Orage-entre-Doubs-et-Suisse.jpg?fit=500%2C261&ssl=1","jetpack_sharing_enabled":true,"_links":{"self":[{"href":"https:\/\/www.iceagetv.com\/radiosite\/wp-json\/wp\/v2\/posts\/25356","targetHints":{"allow":["GET"]}}],"collection":[{"href":"https:\/\/www.iceagetv.com\/radiosite\/wp-json\/wp\/v2\/posts"}],"about":[{"href":"https:\/\/www.iceagetv.com\/radiosite\/wp-json\/wp\/v2\/types\/post"}],"author":[{"embeddable":true,"href":"https:\/\/www.iceagetv.com\/radiosite\/wp-json\/wp\/v2\/users\/2"}],"replies":[{"embeddable":true,"href":"https:\/\/www.iceagetv.com\/radiosite\/wp-json\/wp\/v2\/comments?post=25356"}],"version-history":[{"count":1,"href":"https:\/\/www.iceagetv.com\/radiosite\/wp-json\/wp\/v2\/posts\/25356\/revisions"}],"predecessor-version":[{"id":25358,"href":"https:\/\/www.iceagetv.com\/radiosite\/wp-json\/wp\/v2\/posts\/25356\/revisions\/25358"}],"wp:featuredmedia":[{"embeddable":true,"href":"https:\/\/www.iceagetv.com\/radiosite\/wp-json\/wp\/v2\/media\/25357"}],"wp:attachment":[{"href":"https:\/\/www.iceagetv.com\/radiosite\/wp-json\/wp\/v2\/media?parent=25356"}],"wp:term":[{"taxonomy":"category","embeddable":true,"href":"https:\/\/www.iceagetv.com\/radiosite\/wp-json\/wp\/v2\/categories?post=25356"},{"taxonomy":"post_tag","embeddable":true,"href":"https:\/\/www.iceagetv.com\/radiosite\/wp-json\/wp\/v2\/tags?post=25356"}],"curies":[{"name":"wp","href":"https:\/\/api.w.org\/{rel}","templated":true}]}}