{"id":25360,"date":"2023-07-25T05:24:19","date_gmt":"2023-07-25T05:24:19","guid":{"rendered":"https:\/\/www.iceagetv.com\/radiosite\/?p=25360"},"modified":"2023-07-25T05:24:19","modified_gmt":"2023-07-25T05:24:19","slug":"colere-des-policiers-a-marseille-le-cousin-de-lhomme-decede-a-porte-plainte-a-son-tour-hier-pour-violences-policieres-affirmant-avoir-perdu-un-oeil-par-un-tir-de-lbd","status":"publish","type":"post","link":"https:\/\/www.iceagetv.com\/radiosite\/colere-des-policiers-a-marseille-le-cousin-de-lhomme-decede-a-porte-plainte-a-son-tour-hier-pour-violences-policieres-affirmant-avoir-perdu-un-oeil-par-un-tir-de-lbd\/","title":{"rendered":"Col\u00e8re des policiers : A Marseille, le cousin de l&rsquo;homme d\u00e9c\u00e9d\u00e9 a port\u00e9 plainte \u00e0 son tour hier, pour \u00ab\u00a0violences polici\u00e8res\u00a0\u00bb affirmant avoir perdu un oeil par un tir de LBD"},"content":{"rendered":"\n<p>A Marseille, le cousin de l&rsquo;homme d\u00e9c\u00e9d\u00e9 a port\u00e9 plainte \u00e0 son tour, hier, pour \u00ab\u00a0violences polici\u00e8res\u00a0\u00bb affirmant avoir perdu un oeil par un tir de LBD. C&rsquo;est une nouvelle enqu\u00eate est diligent\u00e9e par le parquet de Marseille pour des violences polici\u00e8res suppos\u00e9es qui a \u00e9t\u00e9 annonc\u00e9e hier soir. Elle a \u00e9t\u00e9 ouverte lundi 24 juillet indique l\u2019AFP, confirmant une information du quotidien La Provence, apr\u00e8s la plainte d\u2019un jeune homme.<\/p>\n\n\n\n<p>Les chefs retenus sont ceux de \u00ab violences volontaires en r\u00e9union ayant entra\u00een\u00e9 une mutilation ou infirmit\u00e9 permanente par personne d\u00e9positaire de l\u2019autorit\u00e9 publique et avec arme \u00bb.<\/p>\n\n\n\n<p>Les faits se seraient produits dans la nuit du 30 juin au 1er juillet pendant les \u00e9meutes qui ont secou\u00e9 la France apr\u00e8s la mort de Nahel \u00e0 Nanterre, apr\u00e8s un refus d\u2019obtemp\u00e9rer. Les violences urbaines \u00e0 Marseille y ont \u00e9t\u00e9 particuli\u00e8rement dures. On ne conna\u00eet pas le nombre de fonctionnaires mis en cause.<\/p>\n\n\n\n<p>Le jeune homme explique qu&rsquo;il marchait dans le 1er arrondissement de Marseille vers minuit et demi, dans la nuit du 30 juin au 1er juillet quand il a re\u00e7u un tir de LBD. Il est hospitalis\u00e9 pour une blessure \u00e0 l&rsquo;\u0153il.<\/p>\n\n\n\n<p>Il en perd l&rsquo;usage. Abdelkarim d\u00e9pose plainte contre X, mais \u00e9galement contre le directeur du RAID, Jean-Baptiste Dulion et contre le directeur g\u00e9n\u00e9ral de la police nationale, Fr\u00e9d\u00e9ric Veaux, pour \u00ab\u00a0violences volontaires ayant entra\u00een\u00e9 une mutilation ou une infirmit\u00e9 permanente, commises en r\u00e9union, par personne d\u00e9positaire de l&rsquo;autorit\u00e9 publique, avec usage d&rsquo;une arme\u00a0\u00bb et pour \u00ab\u00a0tentative d&rsquo;homicide volontaire\u00a0\u00bb.<\/p>\n\n\n\n<p>Dans cette plainte il est \u00e9crit que le directeur du RAID \u00ab\u00a0se rend complice des infractions commises par les forces de l&rsquo;ordre sous son contr\u00f4le\u00a0\u00bb.<\/p>\n\n\n\n<p>Il est aussi \u00e9crit dans cette plainte qu&rsquo;il est \u00ab\u00a0incontestable que le policier ayant tir\u00e9 sur Abdelkarim visait sa t\u00eate [&#8230;] Ainsi, le policier qui visait et tirait un LBD au niveau du visage d&rsquo;Abdelkarim caract\u00e9risait bien son intention de le tuer\u00a0\u00bb.<\/p>\n\n\n\n<p>Sur Twitter, l&rsquo;avocat d&rsquo;Abdelkarim, Ari\u00e9 Alimi, affirme que son client est le cousin de Mohamed, qui lui, est d\u00e9c\u00e9d\u00e9 d&rsquo;un arr\u00eat cardiaque apr\u00e8s des tirs de LBD au thorax \u00e0 Marseille \u00e9galement pendant les \u00e9meutes dans la nuit du 1er au 2 juillet<\/p>\n","protected":false},"excerpt":{"rendered":"<p>A Marseille, le cousin de l&rsquo;homme d\u00e9c\u00e9d\u00e9 a port\u00e9 plainte \u00e0 son tour, hier, pour \u00ab\u00a0violences polici\u00e8res\u00a0\u00bb affirmant avoir perdu un oeil par un tir de LBD. C&rsquo;est une nouvelle enqu\u00eate est diligent\u00e9e par le parquet de Marseille pour des violences polici\u00e8res suppos\u00e9es qui a \u00e9t\u00e9 annonc\u00e9e hier soir. Elle a \u00e9t\u00e9 ouverte lundi 24 [&hellip;]<\/p>\n","protected":false},"author":2,"featured_media":25361,"comment_status":"open","ping_status":"open","sticky":false,"template":"","format":"standard","meta":{"_jetpack_memberships_contains_paid_content":false,"footnotes":"","jetpack_publicize_message":"","jetpack_publicize_feature_enabled":true,"jetpack_social_post_already_shared":true,"jetpack_social_options":{"image_generator_settings":{"template":"highway","default_image_id":0,"font":"","enabled":false},"version":2},"_wpas_customize_per_network":false},"categories":[405],"tags":[],"class_list":["post-25360","post","type-post","status-publish","format-standard","has-post-thumbnail","hentry","category-actu-france-monde"],"jetpack_publicize_connections":[],"jetpack_featured_media_url":"https:\/\/i0.wp.com\/www.iceagetv.com\/radiosite\/wp-content\/uploads\/2023\/07\/ombre_cvv_0.jpg?fit=680%2C294&ssl=1","jetpack_sharing_enabled":true,"_links":{"self":[{"href":"https:\/\/www.iceagetv.com\/radiosite\/wp-json\/wp\/v2\/posts\/25360","targetHints":{"allow":["GET"]}}],"collection":[{"href":"https:\/\/www.iceagetv.com\/radiosite\/wp-json\/wp\/v2\/posts"}],"about":[{"href":"https:\/\/www.iceagetv.com\/radiosite\/wp-json\/wp\/v2\/types\/post"}],"author":[{"embeddable":true,"href":"https:\/\/www.iceagetv.com\/radiosite\/wp-json\/wp\/v2\/users\/2"}],"replies":[{"embeddable":true,"href":"https:\/\/www.iceagetv.com\/radiosite\/wp-json\/wp\/v2\/comments?post=25360"}],"version-history":[{"count":1,"href":"https:\/\/www.iceagetv.com\/radiosite\/wp-json\/wp\/v2\/posts\/25360\/revisions"}],"predecessor-version":[{"id":25362,"href":"https:\/\/www.iceagetv.com\/radiosite\/wp-json\/wp\/v2\/posts\/25360\/revisions\/25362"}],"wp:featuredmedia":[{"embeddable":true,"href":"https:\/\/www.iceagetv.com\/radiosite\/wp-json\/wp\/v2\/media\/25361"}],"wp:attachment":[{"href":"https:\/\/www.iceagetv.com\/radiosite\/wp-json\/wp\/v2\/media?parent=25360"}],"wp:term":[{"taxonomy":"category","embeddable":true,"href":"https:\/\/www.iceagetv.com\/radiosite\/wp-json\/wp\/v2\/categories?post=25360"},{"taxonomy":"post_tag","embeddable":true,"href":"https:\/\/www.iceagetv.com\/radiosite\/wp-json\/wp\/v2\/tags?post=25360"}],"curies":[{"name":"wp","href":"https:\/\/api.w.org\/{rel}","templated":true}]}}