{"id":25363,"date":"2023-07-25T16:38:13","date_gmt":"2023-07-25T16:38:13","guid":{"rendered":"https:\/\/www.iceagetv.com\/radiosite\/?p=25363"},"modified":"2023-07-25T16:38:13","modified_gmt":"2023-07-25T16:38:13","slug":"grece-la-television-grecque-diffuse-les-images-du-crash-du-bombardier-deau-sur-lile-eubee-alors-que-les-incendies-continuent-de-ravager-le-pays-les-deux-pilotes-sont-decedes","status":"publish","type":"post","link":"https:\/\/www.iceagetv.com\/radiosite\/grece-la-television-grecque-diffuse-les-images-du-crash-du-bombardier-deau-sur-lile-eubee-alors-que-les-incendies-continuent-de-ravager-le-pays-les-deux-pilotes-sont-decedes\/","title":{"rendered":"Gr\u00e8ce : La t\u00e9l\u00e9vision grecque diffuse les images du crash du bombardier d&rsquo;eau, sur l&rsquo;\u00eele Eub\u00e9e, alors que les incendies continuent de ravager le pays &#8211; Les deux pilotes sont d\u00e9c\u00e9d\u00e9s"},"content":{"rendered":"\n<p><strong>Les deux pilotes du canadair qui s&rsquo;est \u00e9cras\u00e9 sont d\u00e9c\u00e9d\u00e9s<\/strong><\/p>\n\n\n\n<p><strong>&#8211; La t\u00e9l\u00e9vision grecque diffuse les images du crash du bombardier d&rsquo;eau (Voir ci-dessus).\u00a0<\/strong>Un avion bombardier d&rsquo;eau s&rsquo;est \u00e9cras\u00e9 mardi 25\u00a0juillet\u00a0avec\u00a0\u00ab\u00a0au moins deux personnes \u00e0 bord\u00a0\u00bb\u00a0dans le sud de l&rsquo;\u00eele d&rsquo;Eub\u00e9e (Gr\u00e8ce) alors qu&rsquo;il luttait contre\u00a0l&rsquo;un des incendies\u00a0qui ravagent actuellement le pays,\u00a0a d\u00e9clar\u00e9 \u00e0 l&rsquo;AFP Yannis Artopios, porte-parole du service des pompiers grecs. L&rsquo;appareil, de type Canadair,\u00a0\u00ab\u00a0a chut\u00e9 pr\u00e8s de Platanisto\u00a0\u00bb, un village de cette \u00eele, a-t-il pr\u00e9cis\u00e9. Les deux pilotes pr\u00e9sents \u00e0 bord de l&rsquo;a\u00e9ronef appartiennent \u00e0 l&rsquo;arm\u00e9e de l&rsquo;air du pays, a rapport\u00e9 la cha\u00eene publique grecque ERT, qui a diffus\u00e9 une vid\u00e9o montrant l&rsquo;accident.<\/p>\n\n\n\n<p>Sur&nbsp;leur site, les pompiers grecs avaient alert\u00e9 sur un&nbsp;\u00ab\u00a0risque extr\u00eame\u00a0\u00bb&nbsp;d&rsquo;incendie pour la journ\u00e9e du 25&nbsp;juillet dans six r\u00e9gions du pays (Attique, Gr\u00e8ce centrale, P\u00e9loponn\u00e8se, Gr\u00e8ce occidentale, Thessalie, Mac\u00e9doine centrale).&nbsp;\u00ab\u00a0Les patrouilles de surveillance a\u00e9rienne se poursuivent, ainsi que les patrouilles des pompiers, de la police et de l&rsquo;arm\u00e9e\u00a0\u00bb, pr\u00e9cise le communiqu\u00e9 des services de secours publi\u00e9 mardi matin.<\/p>\n\n\n\n<p>\u00a0<strong>Selon les premi\u00e8res informations des autorit\u00e9s, l&rsquo;appareil, qui participait avec au moins trois autres avions et une centaine de pompiers \u00e0 la lutte contre les flammes, s&rsquo;est \u00e9cras\u00e9 dans un ravin.<\/strong>\u00a0L&rsquo;accident s&rsquo;est produit sur les hauteurs de Karystos, o\u00f9 un feu a commenc\u00e9 dimanche. Les deux pilotes appartiennent \u00e0 l&rsquo;arm\u00e9e de l&rsquo;air grecque, selon des informations du minist\u00e8re de la D\u00e9fense, cit\u00e9 par la t\u00e9l\u00e9vision publique ERT.<\/p>\n","protected":false},"excerpt":{"rendered":"<p>Les deux pilotes du canadair qui s&rsquo;est \u00e9cras\u00e9 sont d\u00e9c\u00e9d\u00e9s &#8211; La t\u00e9l\u00e9vision grecque diffuse les images du crash du bombardier d&rsquo;eau (Voir ci-dessus).\u00a0Un avion bombardier d&rsquo;eau s&rsquo;est \u00e9cras\u00e9 mardi 25\u00a0juillet\u00a0avec\u00a0\u00ab\u00a0au moins deux personnes \u00e0 bord\u00a0\u00bb\u00a0dans le sud de l&rsquo;\u00eele d&rsquo;Eub\u00e9e (Gr\u00e8ce) alors qu&rsquo;il luttait contre\u00a0l&rsquo;un des incendies\u00a0qui ravagent actuellement le pays,\u00a0a d\u00e9clar\u00e9 \u00e0 l&rsquo;AFP [&hellip;]<\/p>\n","protected":false},"author":2,"featured_media":25364,"comment_status":"open","ping_status":"open","sticky":false,"template":"","format":"standard","meta":{"_jetpack_memberships_contains_paid_content":false,"footnotes":"","jetpack_publicize_message":"","jetpack_publicize_feature_enabled":true,"jetpack_social_post_already_shared":true,"jetpack_social_options":{"image_generator_settings":{"template":"highway","default_image_id":0,"font":"","enabled":false},"version":2},"_wpas_customize_per_network":false},"categories":[405],"tags":[],"class_list":["post-25363","post","type-post","status-publish","format-standard","has-post-thumbnail","hentry","category-actu-france-monde"],"jetpack_publicize_connections":[],"jetpack_featured_media_url":"https:\/\/i0.wp.com\/www.iceagetv.com\/radiosite\/wp-content\/uploads\/2023\/07\/La-television-grecque-diffuse-les-images-du-crash-du-bombardier-deau.jpg?fit=680%2C308&ssl=1","jetpack_sharing_enabled":true,"_links":{"self":[{"href":"https:\/\/www.iceagetv.com\/radiosite\/wp-json\/wp\/v2\/posts\/25363","targetHints":{"allow":["GET"]}}],"collection":[{"href":"https:\/\/www.iceagetv.com\/radiosite\/wp-json\/wp\/v2\/posts"}],"about":[{"href":"https:\/\/www.iceagetv.com\/radiosite\/wp-json\/wp\/v2\/types\/post"}],"author":[{"embeddable":true,"href":"https:\/\/www.iceagetv.com\/radiosite\/wp-json\/wp\/v2\/users\/2"}],"replies":[{"embeddable":true,"href":"https:\/\/www.iceagetv.com\/radiosite\/wp-json\/wp\/v2\/comments?post=25363"}],"version-history":[{"count":1,"href":"https:\/\/www.iceagetv.com\/radiosite\/wp-json\/wp\/v2\/posts\/25363\/revisions"}],"predecessor-version":[{"id":25365,"href":"https:\/\/www.iceagetv.com\/radiosite\/wp-json\/wp\/v2\/posts\/25363\/revisions\/25365"}],"wp:featuredmedia":[{"embeddable":true,"href":"https:\/\/www.iceagetv.com\/radiosite\/wp-json\/wp\/v2\/media\/25364"}],"wp:attachment":[{"href":"https:\/\/www.iceagetv.com\/radiosite\/wp-json\/wp\/v2\/media?parent=25363"}],"wp:term":[{"taxonomy":"category","embeddable":true,"href":"https:\/\/www.iceagetv.com\/radiosite\/wp-json\/wp\/v2\/categories?post=25363"},{"taxonomy":"post_tag","embeddable":true,"href":"https:\/\/www.iceagetv.com\/radiosite\/wp-json\/wp\/v2\/tags?post=25363"}],"curies":[{"name":"wp","href":"https:\/\/api.w.org\/{rel}","templated":true}]}}