{"id":25370,"date":"2023-07-27T05:25:30","date_gmt":"2023-07-27T05:25:30","guid":{"rendered":"https:\/\/www.iceagetv.com\/radiosite\/?p=25370"},"modified":"2023-07-27T05:25:30","modified_gmt":"2023-07-27T05:25:30","slug":"hausse-du-prix-des-fruits-et-legumes-on-ne-peut-plus-se-permettre-den-acheter","status":"publish","type":"post","link":"https:\/\/www.iceagetv.com\/radiosite\/hausse-du-prix-des-fruits-et-legumes-on-ne-peut-plus-se-permettre-den-acheter\/","title":{"rendered":"HAUSSE DU PRIX DES FRUITS ET L\u00c9GUMES: \u00ab\u00a0ON NE PEUT PLUS SE PERMETTRE D&rsquo;EN ACHETER\u00a0\u00bb"},"content":{"rendered":"\n<p>Une augmentation de 16% en un an. Le prix des fruits et l\u00e9gumes s&rsquo;est envol\u00e9, de juin 2022 \u00e0 juin 2023. C&rsquo;est ce que r\u00e9v\u00e8le une \u00e9tude de l&rsquo;association Familles Rurales publi\u00e9e ce mercredi, qui se fonde sur les prix en supermarch\u00e9s et hypermarch\u00e9s.<\/p>\n\n\n\n<p>Mais la hausse concerne aussi la production et se ressent fortement sur les march\u00e9s, en partie \u00e0 cause des al\u00e9as climatiques, qui ont eu des cons\u00e9quences sur les r\u00e9coltes d&rsquo;apr\u00e8s l&rsquo;association.<\/p>\n\n\n\n<h2 class=\"wp-block-heading\">DE NOUVELLES HABITUDES D&rsquo;ACHAT<\/h2>\n\n\n\n<p>Depuis dix ans,<a href=\"https:\/\/rmc.bfmtv.com\/actualites\/economie\/conso\/ca-a-augmente-ce-n-est-que-le-debut-alors-que-les-prix-explosent-faut-il-un-cheque-fruits-et-legumes_AV-202210270422.html\">\u00a0le prix des fruits et l\u00e9gumes ne cesse d&rsquo;augmenter\u00a0<\/a>d&rsquo;ann\u00e9e en ann\u00e9e. La hausse \u00e9tait d\u00e9j\u00e0 de 11% entre 2021 et 2022. Cons\u00e9quence: l<a href=\"https:\/\/rmc.bfmtv.com\/actualites\/economie\/conso\/inflation-83-des-francais-estiment-indispensables-les-promotions-sur-les-produits-alimentaires_AV-202307180160.html\">es acheteurs modifient leur comportement\u00a0<\/a>pour s&rsquo;y retrouver financi\u00e8rement<\/p>\n\n\n\n<p>Au march\u00e9 de Melun, des l\u00e9gumes dont le prix augmentent, Val\u00e9rie a de quoi en faire une liste de courses: \u00ab\u00a0Les oignons, les carottes, les poireaux&#8230;\u00a0\u00bb. Mais c&rsquo;est le prix du kilo de pommes de terre qui l&rsquo;interpelle plus sur les \u00e9tals.<\/p>\n\n\n\n<blockquote class=\"wp-block-quote is-layout-flow wp-block-quote-is-layout-flow\">\n<p>\u00ab\u00a0On est pass\u00e9 en moyenne de 1,50 euros \u00e0 pratiquement 2,50 pour certaines qualit\u00e9s de pommes de terre\u00a0\u00bb, d\u00e9taille-t-elle.<\/p>\n<\/blockquote>\n","protected":false},"excerpt":{"rendered":"<p>Une augmentation de 16% en un an. Le prix des fruits et l\u00e9gumes s&rsquo;est envol\u00e9, de juin 2022 \u00e0 juin 2023. C&rsquo;est ce que r\u00e9v\u00e8le une \u00e9tude de l&rsquo;association Familles Rurales publi\u00e9e ce mercredi, qui se fonde sur les prix en supermarch\u00e9s et hypermarch\u00e9s. Mais la hausse concerne aussi la production et se ressent fortement [&hellip;]<\/p>\n","protected":false},"author":2,"featured_media":25371,"comment_status":"open","ping_status":"open","sticky":false,"template":"","format":"standard","meta":{"_jetpack_memberships_contains_paid_content":false,"footnotes":"","jetpack_publicize_message":"","jetpack_publicize_feature_enabled":true,"jetpack_social_post_already_shared":true,"jetpack_social_options":{"image_generator_settings":{"template":"highway","default_image_id":0,"font":"","enabled":false},"version":2},"_wpas_customize_per_network":false},"categories":[405],"tags":[],"class_list":["post-25370","post","type-post","status-publish","format-standard","has-post-thumbnail","hentry","category-actu-france-monde"],"jetpack_publicize_connections":[],"jetpack_featured_media_url":"https:\/\/i0.wp.com\/www.iceagetv.com\/radiosite\/wp-content\/uploads\/2023\/07\/telechargement.jpeg?fit=300%2C168&ssl=1","jetpack_sharing_enabled":true,"_links":{"self":[{"href":"https:\/\/www.iceagetv.com\/radiosite\/wp-json\/wp\/v2\/posts\/25370","targetHints":{"allow":["GET"]}}],"collection":[{"href":"https:\/\/www.iceagetv.com\/radiosite\/wp-json\/wp\/v2\/posts"}],"about":[{"href":"https:\/\/www.iceagetv.com\/radiosite\/wp-json\/wp\/v2\/types\/post"}],"author":[{"embeddable":true,"href":"https:\/\/www.iceagetv.com\/radiosite\/wp-json\/wp\/v2\/users\/2"}],"replies":[{"embeddable":true,"href":"https:\/\/www.iceagetv.com\/radiosite\/wp-json\/wp\/v2\/comments?post=25370"}],"version-history":[{"count":1,"href":"https:\/\/www.iceagetv.com\/radiosite\/wp-json\/wp\/v2\/posts\/25370\/revisions"}],"predecessor-version":[{"id":25372,"href":"https:\/\/www.iceagetv.com\/radiosite\/wp-json\/wp\/v2\/posts\/25370\/revisions\/25372"}],"wp:featuredmedia":[{"embeddable":true,"href":"https:\/\/www.iceagetv.com\/radiosite\/wp-json\/wp\/v2\/media\/25371"}],"wp:attachment":[{"href":"https:\/\/www.iceagetv.com\/radiosite\/wp-json\/wp\/v2\/media?parent=25370"}],"wp:term":[{"taxonomy":"category","embeddable":true,"href":"https:\/\/www.iceagetv.com\/radiosite\/wp-json\/wp\/v2\/categories?post=25370"},{"taxonomy":"post_tag","embeddable":true,"href":"https:\/\/www.iceagetv.com\/radiosite\/wp-json\/wp\/v2\/tags?post=25370"}],"curies":[{"name":"wp","href":"https:\/\/api.w.org\/{rel}","templated":true}]}}