{"id":25382,"date":"2023-07-28T11:44:26","date_gmt":"2023-07-28T11:44:26","guid":{"rendered":"https:\/\/www.iceagetv.com\/radiosite\/?p=25382"},"modified":"2023-07-28T11:44:26","modified_gmt":"2023-07-28T11:44:26","slug":"yvelines-grave-accident-entre-un-bus-et-une-voiture-en-contre-sens-a-mantes-la-ville-au-moins-deux-morts-cinq-blesses-en-urgence-absolue-et-33-en-urgence-relative","status":"publish","type":"post","link":"https:\/\/www.iceagetv.com\/radiosite\/yvelines-grave-accident-entre-un-bus-et-une-voiture-en-contre-sens-a-mantes-la-ville-au-moins-deux-morts-cinq-blesses-en-urgence-absolue-et-33-en-urgence-relative\/","title":{"rendered":"Yvelines: Grave accident entre un bus et une voiture en contre-sens \u00e0 Mantes-la-Ville &#8211; Au moins deux morts, cinq bless\u00e9s en urgence absolue et 33 en urgence relative"},"content":{"rendered":"\n<p>Le ministre des Transports, Cl\u00e9ment Beaune, prend la parole apr\u00e8s l&rsquo;accident meurtrier qui a fait deux morts. Il dit ressentir&nbsp;\u00ab\u00a0l&rsquo;effroi\u00a0\u00bb&nbsp;des victimes.&nbsp;\u00ab\u00a0Evidemment, on ressent tous cette immense douleur\u00a0\u00bb, a ajout\u00e9 le ministre des Transports. Une enqu\u00eate a \u00e9t\u00e9 ouverte et la procureure&nbsp;\u00ab\u00a0s&rsquo;exprimera dans les prochaines heures\u00a0\u00bb, a-t-il pr\u00e9cis\u00e9.&nbsp;<\/p>\n\n\n\n<p>Et Cl\u00e9ment Beaune d&rsquo;appeler \u00e0 la responsabilit\u00e9 de tous en ce week-end de chass\u00e9-crois\u00e9 sur les routes.A ce stade, l&rsquo;accident sur la D113 a fait au moins deux morts, cinq bless\u00e9s en urgence absolue et 33 en urgence relative, a appris franceinfo aupr\u00e8s de la procureure de Versailles. Les personnes d\u00e9c\u00e9d\u00e9es \u00e9taient des passagers du bus, affr\u00e9t\u00e9 par la SNCF en substitution de la ligne J du Transilien.Cl\u00e9ment Beaune, ministre des Transports, est arriv\u00e9 \u00e0 M\u00e9zi\u00e8res-sur-Seine . Sur Twitter, il \u00e9crit: \u00ab\u00a0J&rsquo;adresse toutes mes pens\u00e9es aux victimes et aux bless\u00e9s du terrible accident qui a eu lieu ce matin sur la D113 dans les\u00a0#Yvelines, ainsi qu\u2019\u00e0 tous leurs proches. Merci aux secours et aux forces de l&rsquo;ordre mobilis\u00e9s pour porter assistance aux victimes.\u00a0\u00bbSelon BFM TV, le v\u00e9hicule l\u00e9ger, une Clio, s&rsquo;est finalement encastr\u00e9 dans un arbre. Son conducteur, \u00e2g\u00e9 de 21 ans, a \u00e9t\u00e9 interpell\u00e9 et plac\u00e9 en garde \u00e0 vue. Ce dernier \u00e9tant gri\u00e8vement bless\u00e9, sa garde \u00e0 vue a \u00e9t\u00e9 lev\u00e9e pour raisons de sant\u00e9. Une suspicion d&rsquo;alcoolisation du conducteur de la voiture a \u00e9t\u00e9 \u00e9mise. Des analyses vont \u00eatre men\u00e9es.\u00a0Une enqu\u00eate a \u00e9t\u00e9 ouverte pour homicides et blessures involontaires, indique une source judiciaire.La pr\u00e9fecture inique qu&rsquo;un plus des h\u00e9licopt\u00e8res, d&rsquo;importants moyens de secours sont d\u00e9ploy\u00e9s sur place avec 93 pompiers et sept \u00e9quipes m\u00e9dicales mobilis\u00e9s. 20 v\u00e9hicules de secours sont \u00e9galement pr\u00e9sents. \u00ab\u00a0Une cellule d\u2019urgence m\u00e9dico-psychologique a \u00e9t\u00e9 d\u00e9clench\u00e9e. Un point de regroupement des impliqu\u00e9s est organis\u00e9 par la commune de M\u00e9zi\u00e8res-sur-Seine\u00a0\u00bb, pr\u00e9cise la pr\u00e9fecture. Le sous-pr\u00e9fet s&rsquo;est \u00e9galement d\u00e9plac\u00e9 sur les lieux.<\/p>\n","protected":false},"excerpt":{"rendered":"<p>Le ministre des Transports, Cl\u00e9ment Beaune, prend la parole apr\u00e8s l&rsquo;accident meurtrier qui a fait deux morts. Il dit ressentir&nbsp;\u00ab\u00a0l&rsquo;effroi\u00a0\u00bb&nbsp;des victimes.&nbsp;\u00ab\u00a0Evidemment, on ressent tous cette immense douleur\u00a0\u00bb, a ajout\u00e9 le ministre des Transports. Une enqu\u00eate a \u00e9t\u00e9 ouverte et la procureure&nbsp;\u00ab\u00a0s&rsquo;exprimera dans les prochaines heures\u00a0\u00bb, a-t-il pr\u00e9cis\u00e9.&nbsp; Et Cl\u00e9ment Beaune d&rsquo;appeler \u00e0 la responsabilit\u00e9 de [&hellip;]<\/p>\n","protected":false},"author":2,"featured_media":25383,"comment_status":"open","ping_status":"open","sticky":false,"template":"","format":"standard","meta":{"_jetpack_memberships_contains_paid_content":false,"footnotes":"","jetpack_publicize_message":"","jetpack_publicize_feature_enabled":true,"jetpack_social_post_already_shared":true,"jetpack_social_options":{"image_generator_settings":{"template":"highway","default_image_id":0,"font":"","enabled":false},"version":2},"_wpas_customize_per_network":false},"categories":[405],"tags":[],"class_list":["post-25382","post","type-post","status-publish","format-standard","has-post-thumbnail","hentry","category-actu-france-monde"],"jetpack_publicize_connections":[],"jetpack_featured_media_url":"https:\/\/i0.wp.com\/www.iceagetv.com\/radiosite\/wp-content\/uploads\/2023\/07\/Yvelines.jpg?fit=679%2C293&ssl=1","jetpack_sharing_enabled":true,"_links":{"self":[{"href":"https:\/\/www.iceagetv.com\/radiosite\/wp-json\/wp\/v2\/posts\/25382","targetHints":{"allow":["GET"]}}],"collection":[{"href":"https:\/\/www.iceagetv.com\/radiosite\/wp-json\/wp\/v2\/posts"}],"about":[{"href":"https:\/\/www.iceagetv.com\/radiosite\/wp-json\/wp\/v2\/types\/post"}],"author":[{"embeddable":true,"href":"https:\/\/www.iceagetv.com\/radiosite\/wp-json\/wp\/v2\/users\/2"}],"replies":[{"embeddable":true,"href":"https:\/\/www.iceagetv.com\/radiosite\/wp-json\/wp\/v2\/comments?post=25382"}],"version-history":[{"count":1,"href":"https:\/\/www.iceagetv.com\/radiosite\/wp-json\/wp\/v2\/posts\/25382\/revisions"}],"predecessor-version":[{"id":25384,"href":"https:\/\/www.iceagetv.com\/radiosite\/wp-json\/wp\/v2\/posts\/25382\/revisions\/25384"}],"wp:featuredmedia":[{"embeddable":true,"href":"https:\/\/www.iceagetv.com\/radiosite\/wp-json\/wp\/v2\/media\/25383"}],"wp:attachment":[{"href":"https:\/\/www.iceagetv.com\/radiosite\/wp-json\/wp\/v2\/media?parent=25382"}],"wp:term":[{"taxonomy":"category","embeddable":true,"href":"https:\/\/www.iceagetv.com\/radiosite\/wp-json\/wp\/v2\/categories?post=25382"},{"taxonomy":"post_tag","embeddable":true,"href":"https:\/\/www.iceagetv.com\/radiosite\/wp-json\/wp\/v2\/tags?post=25382"}],"curies":[{"name":"wp","href":"https:\/\/api.w.org\/{rel}","templated":true}]}}