{"id":25390,"date":"2023-07-29T11:23:05","date_gmt":"2023-07-29T11:23:05","guid":{"rendered":"https:\/\/www.iceagetv.com\/radiosite\/?p=25390"},"modified":"2023-07-29T11:23:05","modified_gmt":"2023-07-29T11:23:05","slug":"le-trafic-des-tgv-est-encore-perturbe-ce-matin-sur-laxe-atlantique-apres-une-panne-geante-hier-a-la-gare-montparnasse-des-retards-au-depart-et-a-larrivee-sont-a-prevoir","status":"publish","type":"post","link":"https:\/\/www.iceagetv.com\/radiosite\/le-trafic-des-tgv-est-encore-perturbe-ce-matin-sur-laxe-atlantique-apres-une-panne-geante-hier-a-la-gare-montparnasse-des-retards-au-depart-et-a-larrivee-sont-a-prevoir\/","title":{"rendered":"Le trafic des TGV est encore \u00ab\u00a0perturb\u00e9\u00a0\u00bb ce matin sur l&rsquo;axe Atlantique apr\u00e8s une panne g\u00e9ante hier \u00e0 la gare Montparnasse &#8211; Des retards au d\u00e9part et \u00e0 l&rsquo;arriv\u00e9e sont \u00e0 pr\u00e9voir"},"content":{"rendered":"\n<p>Le trafic ferroviaire \u00e0 grande vitesse \u00e9tait encore \u00ab\u00a0perturb\u00e9\u00a0\u00bb samedi matin sur l&rsquo;Axe Atlantique, a annonc\u00e9 la SNCF, au lendemain de la panne g\u00e9ante due \u00e0 la foudre qui a occasionn\u00e9 de gros retards au d\u00e9part et \u00e0 l&rsquo;arriv\u00e9e gare Montparnasse \u00e0 Paris, au d\u00e9but d&rsquo;un week-end de chass\u00e9-crois\u00e9 des vacances.<\/p>\n\n\n\n<p>\u00ab\u00a0La circulation des trains est perturb\u00e9e ce matin sur la ligne \u00e0 grande vitesse Atlantique. La r\u00e9utilisation du personnel et du mat\u00e9riel a \u00e9t\u00e9 impact\u00e9e par les retards li\u00e9s aux intemp\u00e9ries de la veille\u00a0\u00bb, a annonc\u00e9 samedi matin SNCF Voyageurs sur Twitter, rebaptis\u00e9 \u00ab\u00a0X\u00a0\u00bb. \u00ab\u00a0Nous avons quelques retards sur les premiers trains\u00a0\u00bb, a \u00e9galement pr\u00e9cis\u00e9 un porte-parole de la SNCF \u00e0 l&rsquo;AFP, affirmant que \u00ab\u00a0la situation devrait \u00eatre r\u00e9tablie ce matin\u00a0\u00bb.<\/p>\n\n\n\n<p>\u00ab\u00a0SNCF R\u00e9seau est sinc\u00e8rement d\u00e9sol\u00e9e de la situation v\u00e9cue par les clients des TGV empruntant la ligne \u00e0 grande vitesse (LGV) Atlantique hier soir\u00a0\u00bb, a-t-il ajout\u00e9. La circulation des TGV n&rsquo;a pas \u00e9t\u00e9 interrompue vendredi soir et une partie du trafic a \u00e9t\u00e9 d\u00e9tourn\u00e9e sur une ligne classique, mais les retards se sont accumul\u00e9s \u00e0 partir de la fin d&rsquo;apr\u00e8s-midi au d\u00e9part de Paris-Montparnasse \u00e0 destination de l&rsquo;Ouest de la France et notamment de l&rsquo;arc Atlantique, tr\u00e8s pris\u00e9 des vacanciers.<\/p>\n\n\n\n<p>La panne a \u00e9t\u00e9 caus\u00e9e par la foudre \u00ab\u00a0tomb\u00e9e sur des \u00e9quipements de la ligne entra\u00eenant plusieurs d\u00e9rangements d\u2019installations de signalisation\u00a0\u00bb, au sud de Massy (Essonne), selon la SNCF \u00ab\u00a0Les agents de SNCF R\u00e9seau sont intervenus rapidement et ont pu r\u00e9soudre une partie des dysfonctionnements\u00a0\u00bb, selon l&rsquo;op\u00e9rateur.<\/p>\n\n\n\n<p>\u00ab\u00a0Pour l\u2019ensemble des voyageurs\u00a0\u00bb, SNCF Voyageurs appliquera \u00ab\u00a0les mesures commerciales habituelles\u00a0\u00bb de compensations (garantie G30), tout en indiquant que des mesures \u00ab\u00a0suppl\u00e9mentaires sont \u00e0 l\u2019\u00e9tude\u00a0\u00bb.<\/p>\n","protected":false},"excerpt":{"rendered":"<p>Le trafic ferroviaire \u00e0 grande vitesse \u00e9tait encore \u00ab\u00a0perturb\u00e9\u00a0\u00bb samedi matin sur l&rsquo;Axe Atlantique, a annonc\u00e9 la SNCF, au lendemain de la panne g\u00e9ante due \u00e0 la foudre qui a occasionn\u00e9 de gros retards au d\u00e9part et \u00e0 l&rsquo;arriv\u00e9e gare Montparnasse \u00e0 Paris, au d\u00e9but d&rsquo;un week-end de chass\u00e9-crois\u00e9 des vacances. \u00ab\u00a0La circulation des trains [&hellip;]<\/p>\n","protected":false},"author":2,"featured_media":25391,"comment_status":"open","ping_status":"open","sticky":false,"template":"","format":"standard","meta":{"_jetpack_memberships_contains_paid_content":false,"footnotes":"","jetpack_publicize_message":"","jetpack_publicize_feature_enabled":true,"jetpack_social_post_already_shared":true,"jetpack_social_options":{"image_generator_settings":{"template":"highway","default_image_id":0,"font":"","enabled":false},"version":2},"_wpas_customize_per_network":false},"categories":[405],"tags":[],"class_list":["post-25390","post","type-post","status-publish","format-standard","has-post-thumbnail","hentry","category-actu-france-monde"],"jetpack_publicize_connections":[],"jetpack_featured_media_url":"https:\/\/i0.wp.com\/www.iceagetv.com\/radiosite\/wp-content\/uploads\/2023\/07\/Le-trafic-des-TGV.jpg?fit=679%2C293&ssl=1","jetpack_sharing_enabled":true,"_links":{"self":[{"href":"https:\/\/www.iceagetv.com\/radiosite\/wp-json\/wp\/v2\/posts\/25390","targetHints":{"allow":["GET"]}}],"collection":[{"href":"https:\/\/www.iceagetv.com\/radiosite\/wp-json\/wp\/v2\/posts"}],"about":[{"href":"https:\/\/www.iceagetv.com\/radiosite\/wp-json\/wp\/v2\/types\/post"}],"author":[{"embeddable":true,"href":"https:\/\/www.iceagetv.com\/radiosite\/wp-json\/wp\/v2\/users\/2"}],"replies":[{"embeddable":true,"href":"https:\/\/www.iceagetv.com\/radiosite\/wp-json\/wp\/v2\/comments?post=25390"}],"version-history":[{"count":1,"href":"https:\/\/www.iceagetv.com\/radiosite\/wp-json\/wp\/v2\/posts\/25390\/revisions"}],"predecessor-version":[{"id":25392,"href":"https:\/\/www.iceagetv.com\/radiosite\/wp-json\/wp\/v2\/posts\/25390\/revisions\/25392"}],"wp:featuredmedia":[{"embeddable":true,"href":"https:\/\/www.iceagetv.com\/radiosite\/wp-json\/wp\/v2\/media\/25391"}],"wp:attachment":[{"href":"https:\/\/www.iceagetv.com\/radiosite\/wp-json\/wp\/v2\/media?parent=25390"}],"wp:term":[{"taxonomy":"category","embeddable":true,"href":"https:\/\/www.iceagetv.com\/radiosite\/wp-json\/wp\/v2\/categories?post=25390"},{"taxonomy":"post_tag","embeddable":true,"href":"https:\/\/www.iceagetv.com\/radiosite\/wp-json\/wp\/v2\/tags?post=25390"}],"curies":[{"name":"wp","href":"https:\/\/api.w.org\/{rel}","templated":true}]}}