{"id":25399,"date":"2023-07-30T06:52:22","date_gmt":"2023-07-30T06:52:22","guid":{"rendered":"https:\/\/www.iceagetv.com\/radiosite\/?p=25399"},"modified":"2023-07-30T06:52:22","modified_gmt":"2023-07-30T06:52:22","slug":"accident-mortel-dans-les-yvelines-le-parquet-va-demander-le-placement-en-detention-provisoire-du-conducteur-de-la-voiture-qui-va-etre-defere-ce-matin-au-tribunal-judiciaire-de-versailles","status":"publish","type":"post","link":"https:\/\/www.iceagetv.com\/radiosite\/accident-mortel-dans-les-yvelines-le-parquet-va-demander-le-placement-en-detention-provisoire-du-conducteur-de-la-voiture-qui-va-etre-defere-ce-matin-au-tribunal-judiciaire-de-versailles\/","title":{"rendered":"Accident mortel dans les Yvelines: Le parquet va demander le placement en d\u00e9tention provisoire du conducteur de la voiture qui va \u00eatre d\u00e9f\u00e9r\u00e9 ce matin au tribunal judiciaire de Versailles"},"content":{"rendered":"\n<p><strong>Le parquet va demander la d\u00e9tention provisoire du conducteur qui va \u00eatre d\u00e9f\u00e9r\u00e9 ce matin au tribunal judiciaire de Versailles. La garde \u00e0 vue du conducteur s&rsquo;est achev\u00e9e ce matin, un peu avant 8h<\/strong><\/p>\n\n\n\n<p>\u00a0Selon les premi\u00e8res constatations de l&rsquo;enqu\u00eate, confi\u00e9e au commissariat de Mantes-la-Jolie, la voiture est arriv\u00e9e \u00ab\u00a0face au bus\u00a0\u00bb: \u00ab\u00a0on peut imaginer que le conducteur a perdu le contr\u00f4le. On sait maintenant qu&rsquo;il avait plus de 2 grammes d&rsquo;alcool dans le sang\u00a0\u00bb, a d\u00e9taill\u00e9 la magistrate.<\/p>\n\n\n\n<p>La voiture a franchi la ligne blanche et percut\u00e9 l&rsquo;avant droit du bus, avant d&rsquo;aller \u00ab\u00a0s&rsquo;encastrer dans un poteau\u00a0\u00bb. Le bus est sorti de sa voie avant de tomber en contrebas de la route. Le conducteur du bus a \u00e9t\u00e9 hospitalis\u00e9, \u00ab\u00a0en \u00e9tat de choc\u00a0\u00bb, selon la procureure. L&rsquo;accident s&rsquo;est produit \u00e0 M\u00e9zi\u00e8res-sur-Seine, \u00e0 42 km au nord-ouest de Paris, sur la d\u00e9partementale 113.<\/p>\n\n\n\n<p>L&rsquo;autocar transportait une quarantaine de personnes, et assurait pour la SNCF le remplacement du tron\u00e7on de la ligne J du Transilien entre \u00c9p\u00f4ne-M\u00e9zi\u00e8res et Mantes-la-Jolie, sur un axe ferm\u00e9 pour travaux, selon le site du Transilien. Selon la pr\u00e9fecture, 93 sapeurs-pompiers, sept \u00e9quipes m\u00e9dicales, 20 v\u00e9hicules de secours et deux h\u00e9licopt\u00e8res du SAMU et de la s\u00e9curit\u00e9 civile, sont intervenus. Une cellule d&rsquo;urgence m\u00e9dico-psychologique a \u00e9t\u00e9 mise en place.<\/p>\n\n\n\n<p>\u00a0Une enqu\u00eate a \u00e9t\u00e9 ouverte pour homicide involontaire et blessures involontaires, a ajout\u00e9 le parquet, qui a retenu la circonstance aggravante de \u00ab\u00a0pr\u00e9sence d&rsquo;alcool\u00a0\u00bb chez l&rsquo;automobiliste, par ailleurs en r\u00e8gle. Lui-m\u00eame op\u00e9r\u00e9 d&rsquo;une fracture au bras, il n&rsquo;avait pu \u00eatre entendu vendredi par les enqu\u00eateurs, a pr\u00e9cis\u00e9 Mme Caillibotte. L&rsquo;automobiliste encourt jusqu&rsquo;\u00e0 sept ans de prison ferme.<\/p>\n\n\n\n<p><strong>:<\/strong>\u00a0Un automobiliste de 23 ans, dont l&rsquo;alcool\u00e9mie a \u00e9t\u00e9 mesur\u00e9e \u00e0 2,04 grammes par litre de sang, a \u00e9t\u00e9 plac\u00e9 en garde \u00e0 vue vendredi dans les Yvelines, peu apr\u00e8s un accident impliquant sa voiture et un bus, qui a fait deux morts et de nombreux bless\u00e9s, a indiqu\u00e9 le parquet de Versailles.<\/p>\n\n\n\n<p>Les deux passagers du bus d\u00e9c\u00e9d\u00e9s sont un homme de 64 ans, p\u00e8re de quatre enfants, et une femme de 54 ans, m\u00e8re de deux enfants, a pr\u00e9cis\u00e9 \u00e0 la presse la procureure de Versailles, Maryvonne Caillibotte. Cinq personnes bless\u00e9es avaient \u00e9t\u00e9 d\u00e9clar\u00e9es en \u00ab\u00a0urgence absolue\u00a0\u00bb et le pronostic vital de l&rsquo;une d&rsquo;elle \u00e9tait toujours engag\u00e9 vendredi en fin d&rsquo;apr\u00e8s-midi, a ajout\u00e9 la magistrate. On d\u00e9nombre \u00e9galement 33 bless\u00e9s en \u00ab\u00a0urgence relative\u00a0\u00bb.<\/p>\n","protected":false},"excerpt":{"rendered":"<p>Le parquet va demander la d\u00e9tention provisoire du conducteur qui va \u00eatre d\u00e9f\u00e9r\u00e9 ce matin au tribunal judiciaire de Versailles. La garde \u00e0 vue du conducteur s&rsquo;est achev\u00e9e ce matin, un peu avant 8h \u00a0Selon les premi\u00e8res constatations de l&rsquo;enqu\u00eate, confi\u00e9e au commissariat de Mantes-la-Jolie, la voiture est arriv\u00e9e \u00ab\u00a0face au bus\u00a0\u00bb: \u00ab\u00a0on peut imaginer [&hellip;]<\/p>\n","protected":false},"author":2,"featured_media":25400,"comment_status":"open","ping_status":"open","sticky":false,"template":"","format":"standard","meta":{"_jetpack_memberships_contains_paid_content":false,"footnotes":"","jetpack_publicize_message":"","jetpack_publicize_feature_enabled":true,"jetpack_social_post_already_shared":true,"jetpack_social_options":{"image_generator_settings":{"template":"highway","default_image_id":0,"font":"","enabled":false},"version":2},"_wpas_customize_per_network":false},"categories":[405],"tags":[],"class_list":["post-25399","post","type-post","status-publish","format-standard","has-post-thumbnail","hentry","category-actu-france-monde"],"jetpack_publicize_connections":[],"jetpack_featured_media_url":"https:\/\/i0.wp.com\/www.iceagetv.com\/radiosite\/wp-content\/uploads\/2023\/07\/Accident-mortel-dans-les-Yvelines.jpg?fit=679%2C293&ssl=1","jetpack_sharing_enabled":true,"_links":{"self":[{"href":"https:\/\/www.iceagetv.com\/radiosite\/wp-json\/wp\/v2\/posts\/25399","targetHints":{"allow":["GET"]}}],"collection":[{"href":"https:\/\/www.iceagetv.com\/radiosite\/wp-json\/wp\/v2\/posts"}],"about":[{"href":"https:\/\/www.iceagetv.com\/radiosite\/wp-json\/wp\/v2\/types\/post"}],"author":[{"embeddable":true,"href":"https:\/\/www.iceagetv.com\/radiosite\/wp-json\/wp\/v2\/users\/2"}],"replies":[{"embeddable":true,"href":"https:\/\/www.iceagetv.com\/radiosite\/wp-json\/wp\/v2\/comments?post=25399"}],"version-history":[{"count":1,"href":"https:\/\/www.iceagetv.com\/radiosite\/wp-json\/wp\/v2\/posts\/25399\/revisions"}],"predecessor-version":[{"id":25401,"href":"https:\/\/www.iceagetv.com\/radiosite\/wp-json\/wp\/v2\/posts\/25399\/revisions\/25401"}],"wp:featuredmedia":[{"embeddable":true,"href":"https:\/\/www.iceagetv.com\/radiosite\/wp-json\/wp\/v2\/media\/25400"}],"wp:attachment":[{"href":"https:\/\/www.iceagetv.com\/radiosite\/wp-json\/wp\/v2\/media?parent=25399"}],"wp:term":[{"taxonomy":"category","embeddable":true,"href":"https:\/\/www.iceagetv.com\/radiosite\/wp-json\/wp\/v2\/categories?post=25399"},{"taxonomy":"post_tag","embeddable":true,"href":"https:\/\/www.iceagetv.com\/radiosite\/wp-json\/wp\/v2\/tags?post=25399"}],"curies":[{"name":"wp","href":"https:\/\/api.w.org\/{rel}","templated":true}]}}