{"id":25421,"date":"2023-08-01T15:54:15","date_gmt":"2023-08-01T15:54:15","guid":{"rendered":"https:\/\/www.iceagetv.com\/radiosite\/?p=25421"},"modified":"2023-08-01T15:54:15","modified_gmt":"2023-08-01T15:54:15","slug":"journal-du-dimanche-les-salaries-mettent-fin-a-40-jours-de-greve-apres-un-accord-trouve-avec-la-direction-le-site-internet-va-reprendre-des-aujourdhui-et-le-journal-reviendra-mi-aout","status":"publish","type":"post","link":"https:\/\/www.iceagetv.com\/radiosite\/journal-du-dimanche-les-salaries-mettent-fin-a-40-jours-de-greve-apres-un-accord-trouve-avec-la-direction-le-site-internet-va-reprendre-des-aujourdhui-et-le-journal-reviendra-mi-aout\/","title":{"rendered":"Journal du Dimanche : Les salari\u00e9s mettent fin \u00e0 40 jours de gr\u00e8ve apr\u00e8s un accord trouv\u00e9 avec la direction &#8211; Le site internet va reprendre d\u00e8s aujourd&rsquo;hui et le journal reviendra mi-ao\u00fbt"},"content":{"rendered":"\n<p><strong>Apr\u00e8s 40 jours de mouvement, les gr\u00e9vistes ont fini par conclure un accord avec la direction du groupe Lagard\u00e8re, propri\u00e9taire du titre. Il pr\u00e9voit \u00ab\u00a0une reprise de l&rsquo;activit\u00e9 avec un retour de la publication du site web leJDD.fr\u00a0\u00bb d\u00e8s mardi, \u00ab\u00a0et de la publication du journal\u00a0\u00bb papier d\u00e8s mi-ao\u00fbt<\/strong>, a pr\u00e9cis\u00e9 Lagard\u00e8re dans un communiqu\u00e9 distinct. L&rsquo;accord d\u00e9finit \u00ab\u00a0\u00e9galement la mise en place de conditions d&rsquo;accompagnement pour les journalistes qui souhaiteraient quitter la r\u00e9daction\u00a0\u00bb, selon Lagard\u00e8re.<\/p>\n\n\n\n<p>\u00ab\u00a0Malgr\u00e9 l&rsquo;unit\u00e9 et la d\u00e9termination de la r\u00e9daction\u00a0\u00bb, \u00ab\u00a0de nombreuses tribunes\u00a0\u00bb dont une sign\u00e9e \u00ab\u00a0par plus de 650 personnalit\u00e9s de tous bords\u00a0\u00bb, \u00ab\u00a0le d\u00e9p\u00f4t de plusieurs propositions de loi au Parlement\u00a0\u00bb ou l&rsquo;annonce d&rsquo;Etats g\u00e9n\u00e9raux de l&rsquo;information par l&rsquo;Elys\u00e9e, \u00ab\u00a0notre PDG, Arnaud Lagard\u00e8re, est rest\u00e9 sourd \u00e0 nos revendications, dans un contexte de reprise en main du groupe par Vivendi\u00a0\u00bb, d\u00e9plore la r\u00e9daction. Celle-ci refusait depuis le 22 juin d&rsquo;\u00eatre dirig\u00e9e par Geoffroy Lejeune, \u00ab\u00a0dont les valeurs sont en totale contradiction avec celles du JDD\u00a0\u00bb.<\/p>\n\n\n\n<p>Les gr\u00e9vistes demandaient aussi \u00e0 Lagard\u00e8re d'\u00a0\u00bboffrir aux journalistes des garanties d&rsquo;ind\u00e9pendance juridique et \u00e9ditoriale\u00a0\u00bb au travers d&rsquo;une charte de d\u00e9ontologie. \u00ab\u00a0Mais devant l&rsquo;intransigeance de la direction, nous avons finalement pr\u00e9f\u00e9r\u00e9 renoncer \u00e0 de maigres avanc\u00e9es plut\u00f4t que de signer un document contraire \u00e0 nos valeurs\u00a0\u00bb, pr\u00e9cise la r\u00e9daction dans son communiqu\u00e9. D&rsquo;autant qu&rsquo;en \u00ab\u00a0l&rsquo;absence d&rsquo;un comit\u00e9 d&rsquo;ind\u00e9pendance \u00e9ditoriale\u00a0\u00bb compos\u00e9 de personnalit\u00e9s ext\u00e9rieures, \u00ab\u00a0cette charte n&rsquo;aurait pas offert aux r\u00e9dactions de r\u00e9els garde-fous face \u00e0 la direction du groupe et aux actionnaires\u00a0\u00bb, ajoute-t-elle<\/p>\n\n\n\n<p><strong>Un accord a \u00e9t\u00e9 conclu pour mettre fin \u00e0 la gr\u00e8ve au Journal du dimanche (JDD), dont les journalistes protestaient depuis le 22 juin contre la nomination de Geoffroy Lejeune comme directeur, ont annonc\u00e9 mardi le groupe Lagard\u00e8re, son propri\u00e9taire, et la r\u00e9daction.<\/strong>&nbsp;Le site du JDD doit reprendre son activit\u00e9 d\u00e8s ce mardi, jour de la prise de fonctions officielle de M. Lejeune, et la version papier du journal revenir dans les kiosques \u00ab\u00a0\u00e0 partir de mi-ao\u00fbt\u00a0\u00bb, a pr\u00e9cis\u00e9 Lagard\u00e8re dans un communiqu\u00e9.<\/p>\n\n\n\n<p>\u00ab\u00a0L&rsquo;accord pr\u00e9voit \u00e9galement la mise en place de conditions d&rsquo;accompagnement pour les journalistes qui souhaiteraient quitter la r\u00e9daction\u00a0\u00bb, a ajout\u00e9 le groupe. Dans un communiqu\u00e9 distinct, la Soci\u00e9t\u00e9 des journalistes (SDJ) du JDD a indiqu\u00e9 que l&rsquo;accord avait \u00e9t\u00e9 sign\u00e9 \u00ab\u00a0dans la nuit de lundi \u00e0 mardi\u00a0\u00bb. Par cons\u00e9quent, la gr\u00e8ve a \u00e9t\u00e9 lev\u00e9e mardi matin. La fin du mouvement a \u00e9t\u00e9 approuv\u00e9e par 94% de la r\u00e9daction (82 voix pour, 5 contre, 3 ne se prononcent pas).<\/p>\n\n\n\n<p>\u00ab\u00a0Il nous co\u00fbte de le reconna\u00eetre, particuli\u00e8rement aupr\u00e8s de nos lecteurs: si nous avons remis sur la place publique l&rsquo;enjeu de l&rsquo;ind\u00e9pendance des r\u00e9dactions, face \u00e0 notre actionnaire, nous n&rsquo;avons pas gagn\u00e9\u00a0\u00bb, a soulign\u00e9 la SDJ dans ce texte au ton amer.<\/p>\n\n\n\n<p>\u00ab\u00a0Dans les prochaines heures, nous serons confront\u00e9s \u00e0 un dilemme douloureux: partir ou rester\u00a0\u00bb, a ajout\u00e9 la SDJ. \u00ab\u00a0Partir, c&rsquo;est dire adieu \u00e0 un titre qui, pour beaucoup d&rsquo;entre nous, \u00e9tait devenu une deuxi\u00e8me famille. Rester, c&rsquo;est reprendre le travail dans une r\u00e9daction d\u00e9natur\u00e9e. Dans tous les cas, ce sera un choix de combat\u00a0\u00bb, a-t-elle estim\u00e9.<\/p>\n\n\n\n<p>La r\u00e9daction \u00e9tait en gr\u00e8ve depuis 40 jours, une dur\u00e9e in\u00e9dite, pour protester contre l&rsquo;arriv\u00e9e \u00e0 sa t\u00eate de M. Lejeune, 34 ans, ex-directeur de la r\u00e9daction de l&rsquo;hebdomadaire Valeurs actuelles.&nbsp;<\/p>\n\n\n\n<p>.<\/p>\n","protected":false},"excerpt":{"rendered":"<p>Apr\u00e8s 40 jours de mouvement, les gr\u00e9vistes ont fini par conclure un accord avec la direction du groupe Lagard\u00e8re, propri\u00e9taire du titre. Il pr\u00e9voit \u00ab\u00a0une reprise de l&rsquo;activit\u00e9 avec un retour de la publication du site web leJDD.fr\u00a0\u00bb d\u00e8s mardi, \u00ab\u00a0et de la publication du journal\u00a0\u00bb papier d\u00e8s mi-ao\u00fbt, a pr\u00e9cis\u00e9 Lagard\u00e8re dans un communiqu\u00e9 [&hellip;]<\/p>\n","protected":false},"author":2,"featured_media":25422,"comment_status":"open","ping_status":"open","sticky":false,"template":"","format":"standard","meta":{"_jetpack_memberships_contains_paid_content":false,"footnotes":"","jetpack_publicize_message":"","jetpack_publicize_feature_enabled":true,"jetpack_social_post_already_shared":true,"jetpack_social_options":{"image_generator_settings":{"template":"highway","default_image_id":0,"font":"","enabled":false},"version":2},"_wpas_customize_per_network":false},"categories":[405],"tags":[],"class_list":["post-25421","post","type-post","status-publish","format-standard","has-post-thumbnail","hentry","category-actu-france-monde"],"jetpack_publicize_connections":[],"jetpack_featured_media_url":"https:\/\/i0.wp.com\/www.iceagetv.com\/radiosite\/wp-content\/uploads\/2023\/08\/Journal-du-Dimanche.jpg?fit=679%2C293&ssl=1","jetpack_sharing_enabled":true,"_links":{"self":[{"href":"https:\/\/www.iceagetv.com\/radiosite\/wp-json\/wp\/v2\/posts\/25421","targetHints":{"allow":["GET"]}}],"collection":[{"href":"https:\/\/www.iceagetv.com\/radiosite\/wp-json\/wp\/v2\/posts"}],"about":[{"href":"https:\/\/www.iceagetv.com\/radiosite\/wp-json\/wp\/v2\/types\/post"}],"author":[{"embeddable":true,"href":"https:\/\/www.iceagetv.com\/radiosite\/wp-json\/wp\/v2\/users\/2"}],"replies":[{"embeddable":true,"href":"https:\/\/www.iceagetv.com\/radiosite\/wp-json\/wp\/v2\/comments?post=25421"}],"version-history":[{"count":1,"href":"https:\/\/www.iceagetv.com\/radiosite\/wp-json\/wp\/v2\/posts\/25421\/revisions"}],"predecessor-version":[{"id":25423,"href":"https:\/\/www.iceagetv.com\/radiosite\/wp-json\/wp\/v2\/posts\/25421\/revisions\/25423"}],"wp:featuredmedia":[{"embeddable":true,"href":"https:\/\/www.iceagetv.com\/radiosite\/wp-json\/wp\/v2\/media\/25422"}],"wp:attachment":[{"href":"https:\/\/www.iceagetv.com\/radiosite\/wp-json\/wp\/v2\/media?parent=25421"}],"wp:term":[{"taxonomy":"category","embeddable":true,"href":"https:\/\/www.iceagetv.com\/radiosite\/wp-json\/wp\/v2\/categories?post=25421"},{"taxonomy":"post_tag","embeddable":true,"href":"https:\/\/www.iceagetv.com\/radiosite\/wp-json\/wp\/v2\/tags?post=25421"}],"curies":[{"name":"wp","href":"https:\/\/api.w.org\/{rel}","templated":true}]}}