{"id":25424,"date":"2023-08-02T05:32:35","date_gmt":"2023-08-02T05:32:35","guid":{"rendered":"https:\/\/www.iceagetv.com\/radiosite\/?p=25424"},"modified":"2023-08-02T05:32:35","modified_gmt":"2023-08-02T05:32:35","slug":"alerte-meteo-meteo-france-place-ce-matin-4-departements-de-louest-en-vigilance-orange-pour-risque-de-vagues-submersion-decouvrez-la-carte","status":"publish","type":"post","link":"https:\/\/www.iceagetv.com\/radiosite\/alerte-meteo-meteo-france-place-ce-matin-4-departements-de-louest-en-vigilance-orange-pour-risque-de-vagues-submersion-decouvrez-la-carte\/","title":{"rendered":"Alerte M\u00e9t\u00e9o &#8211; M\u00e9t\u00e9o France place ce matin 4 d\u00e9partements de l&rsquo;Ouest en vigilance orange pour risque de vagues-submersion &#8211; D\u00e9couvrez la carte"},"content":{"rendered":"\n<p>M\u00e9t\u00e9o France place ce matin 4 d\u00e9partements de l&rsquo;Ouest en vigilance orange pour risque de vagues-submersion. \u00ab\u00a0Ce mercredi, en liaison avec la d\u00e9pression baptis\u00e9e \u00ab\u00a0Patricia\u00a0\u00bb, un coup de vent tr\u00e8s inhabituel pour la saison, associ\u00e9 \u00e0 de fortes vagues dans un contexte de grandes mar\u00e9es, concernera Bretagne et c\u00f4tes de Manche\u00a0\u00bb, pr\u00e9cise M\u00e9t\u00e9o France dans son bulletin.&nbsp;<\/p>\n\n\n\n<p><strong>Qualification<\/strong><\/p>\n\n\n\n<p>Episode de fortes vagues pouvant se produire plusieurs fois par an dans un contexte de grandes mar\u00e9es, mais inhabituel pour la saison et n\u00e9cessitant alors une vigilance particuli\u00e8re.<\/p>\n\n\n\n<p><strong>\u00c9volution pr\u00e9vue<\/strong><\/p>\n\n\n\n<p>En lien avec le passage de ce syst\u00e8me perturb\u00e9 actif, les vents d&rsquo;ouest \u00e0 sud-ouest se renforcent mercredi sur le littoral de la manche et de la fa\u00e7ade atlantique. L&rsquo;\u00e9tat de la mer s&rsquo;amplifie progressivement en journ\u00e9e, avec un maximum de vagues attendu pour la pleine mer du soir sur la fa\u00e7ade atlantique et la manche. Les d\u00e9partements de la manche (fa\u00e7ade ouest), de l\u2019Ille-et-Vilaine, des C\u00f4tes-d&rsquo;Armor (moiti\u00e9 ouest) et du Finist\u00e8re sont particuli\u00e8rement concern\u00e9s et plac\u00e9s en vigilance vagues-submersion de niveau orange autour de la mar\u00e9e haute de mercredi soir.<\/p>\n\n\n\n<p>Les autres d\u00e9partements du littoral manche\/atlantique (except\u00e9 le calvados) sont plac\u00e9s en vigilance vagues-submersion de niveau jaune. Dans un contexte de forts coefficients de mar\u00e9e (coefficient 98 pour la mar\u00e9e haute de mercredi soir), les plus forts d\u00e9ferlements pourront localement provoquer des franchissement de paquets de mer, ainsi que des submersions sur les zones basses ou vuln\u00e9rables du littoral.<\/p>\n","protected":false},"excerpt":{"rendered":"<p>M\u00e9t\u00e9o France place ce matin 4 d\u00e9partements de l&rsquo;Ouest en vigilance orange pour risque de vagues-submersion. \u00ab\u00a0Ce mercredi, en liaison avec la d\u00e9pression baptis\u00e9e \u00ab\u00a0Patricia\u00a0\u00bb, un coup de vent tr\u00e8s inhabituel pour la saison, associ\u00e9 \u00e0 de fortes vagues dans un contexte de grandes mar\u00e9es, concernera Bretagne et c\u00f4tes de Manche\u00a0\u00bb, pr\u00e9cise M\u00e9t\u00e9o France dans [&hellip;]<\/p>\n","protected":false},"author":2,"featured_media":25425,"comment_status":"open","ping_status":"open","sticky":false,"template":"","format":"standard","meta":{"_jetpack_memberships_contains_paid_content":false,"footnotes":"","jetpack_publicize_message":"","jetpack_publicize_feature_enabled":true,"jetpack_social_post_already_shared":true,"jetpack_social_options":{"image_generator_settings":{"template":"highway","default_image_id":0,"font":"","enabled":false},"version":2},"_wpas_customize_per_network":false},"categories":[14],"tags":[],"class_list":["post-25424","post","type-post","status-publish","format-standard","has-post-thumbnail","hentry","category-actu-meteo"],"jetpack_publicize_connections":[],"jetpack_featured_media_url":"https:\/\/i0.wp.com\/www.iceagetv.com\/radiosite\/wp-content\/uploads\/2023\/08\/capture_decran_2023-08-02_a_06.webp?fit=599%2C474&ssl=1","jetpack_sharing_enabled":true,"_links":{"self":[{"href":"https:\/\/www.iceagetv.com\/radiosite\/wp-json\/wp\/v2\/posts\/25424","targetHints":{"allow":["GET"]}}],"collection":[{"href":"https:\/\/www.iceagetv.com\/radiosite\/wp-json\/wp\/v2\/posts"}],"about":[{"href":"https:\/\/www.iceagetv.com\/radiosite\/wp-json\/wp\/v2\/types\/post"}],"author":[{"embeddable":true,"href":"https:\/\/www.iceagetv.com\/radiosite\/wp-json\/wp\/v2\/users\/2"}],"replies":[{"embeddable":true,"href":"https:\/\/www.iceagetv.com\/radiosite\/wp-json\/wp\/v2\/comments?post=25424"}],"version-history":[{"count":1,"href":"https:\/\/www.iceagetv.com\/radiosite\/wp-json\/wp\/v2\/posts\/25424\/revisions"}],"predecessor-version":[{"id":25426,"href":"https:\/\/www.iceagetv.com\/radiosite\/wp-json\/wp\/v2\/posts\/25424\/revisions\/25426"}],"wp:featuredmedia":[{"embeddable":true,"href":"https:\/\/www.iceagetv.com\/radiosite\/wp-json\/wp\/v2\/media\/25425"}],"wp:attachment":[{"href":"https:\/\/www.iceagetv.com\/radiosite\/wp-json\/wp\/v2\/media?parent=25424"}],"wp:term":[{"taxonomy":"category","embeddable":true,"href":"https:\/\/www.iceagetv.com\/radiosite\/wp-json\/wp\/v2\/categories?post=25424"},{"taxonomy":"post_tag","embeddable":true,"href":"https:\/\/www.iceagetv.com\/radiosite\/wp-json\/wp\/v2\/tags?post=25424"}],"curies":[{"name":"wp","href":"https:\/\/api.w.org\/{rel}","templated":true}]}}