{"id":25449,"date":"2023-08-05T08:27:48","date_gmt":"2023-08-05T08:27:48","guid":{"rendered":"https:\/\/www.iceagetv.com\/radiosite\/?p=25449"},"modified":"2023-08-05T08:27:48","modified_gmt":"2023-08-05T08:27:48","slug":"un-feu-de-foret-sur-la-cote-mediterraneenne-espagnole-a-la-frontiere-avec-la-france-progressait-rapidement-hier-soir-en-raison-de-vents-violents-entrainant-le-confinement-dun-village-et-dun-cam","status":"publish","type":"post","link":"https:\/\/www.iceagetv.com\/radiosite\/un-feu-de-foret-sur-la-cote-mediterraneenne-espagnole-a-la-frontiere-avec-la-france-progressait-rapidement-hier-soir-en-raison-de-vents-violents-entrainant-le-confinement-dun-village-et-dun-cam\/","title":{"rendered":"Un feu de for\u00eat sur la c\u00f4te m\u00e9diterran\u00e9enne espagnole, \u00e0 la fronti\u00e8re avec la France, progressait rapidement hier soir en raison de vents violents, entra\u00eenant le confinement d&rsquo;un village et d&rsquo;un camping"},"content":{"rendered":"\n<p>Un feu de for\u00eat sur la c\u00f4te m\u00e9diterran\u00e9enne espagnole, \u00e0 la fronti\u00e8re avec la France, progressait rapidement hier soir en raison de vents violents, entra\u00eenant le confinement d&rsquo;un village et d&rsquo;un camping de cette zone touristique. La zone touch\u00e9e par l&rsquo;incendie s&rsquo;\u00e9tendait sur 150 hectares vers 19h25, contre 50 hectares moins d&rsquo;une heure plus t\u00f4t, selon le dernier bilan provisoire publi\u00e9 sur Twitter, rebaptis\u00e9 X, par les gardes forestiers d\u00e9pendant du gouvernement catalan.<\/p>\n\n\n\n<p>\u00ab\u00a0En raison de l&rsquo;incendie de Portbou\u00a0\u00bb, localit\u00e9 espagnole frontali\u00e8re de la France abritant une gare importante entre les deux pays, \u00ab\u00a0les pompiers de Catalogne ont ordonn\u00e9 le confinement de la municipalit\u00e9 de Colera, de la zone de La Rovellada et du camping de Sant Miquel\u00a0\u00bb, a indiqu\u00e9 la Protection civile de la r\u00e9gion catalane.<\/p>\n\n\n\n<p>Le village de Colera voit chaque \u00e9t\u00e9 sa population de 500 habitants d\u00e9multipli\u00e9e par les touristes qui affluent vers les plages espagnoles. Le camping de Sant Miquel a pour sa part une capacit\u00e9 d&rsquo;accueil de 720 personnes, selon un site du gouvernement catalan. La route menant \u00e0 la bourgade la plus proche, Portbou, \u00e0 la fronti\u00e8re avec la France, a \u00e9t\u00e9 ferm\u00e9e en raison de l&rsquo;incendie. Des dizaines d&rsquo;unit\u00e9s de pompiers catalans, dont plusieurs unit\u00e9s a\u00e9riennes, sont d\u00e9j\u00e0 mobilis\u00e9es, ont indiqu\u00e9 les pompiers catalans.<\/p>\n\n\n\n<p>Dix camions de pompiers fran\u00e7ais et des v\u00e9hicules l\u00e9gers, venus du d\u00e9partement fran\u00e7ais des Pyr\u00e9n\u00e9es-Orientales, frontalier de la zone de l&rsquo;incendie, participent \u00e0 l&rsquo;op\u00e9ration. Un avion bombardier d&rsquo;eau fran\u00e7ais a \u00e9t\u00e9 d\u00e9p\u00each\u00e9 mais il n&rsquo;a pas pu effectuer de largage, en raison d&rsquo;un vent violent, a pr\u00e9cis\u00e9 \u00e0 l&rsquo;AFP un porte-parole des pompiers fran\u00e7ais.<\/p>\n\n\n\n<p>\u00ab\u00a0Pour l&rsquo;instant, le feu est cantonn\u00e9 au territoire espagnol\u00a0\u00bb, a ajout\u00e9 en d\u00e9but de soir\u00e9e ce porte-parole. Les pompiers espagnols ont expliqu\u00e9 que \u00ab\u00a0les op\u00e9rations a\u00e9riennes \u00e9taient compliqu\u00e9es\u00a0\u00bb par un vent de tramontane, avec des rafales de plus de 50km\/h, selon l&rsquo;agence m\u00e9t\u00e9orologique espagnole Aemet.<\/p>\n","protected":false},"excerpt":{"rendered":"<p>Un feu de for\u00eat sur la c\u00f4te m\u00e9diterran\u00e9enne espagnole, \u00e0 la fronti\u00e8re avec la France, progressait rapidement hier soir en raison de vents violents, entra\u00eenant le confinement d&rsquo;un village et d&rsquo;un camping de cette zone touristique. La zone touch\u00e9e par l&rsquo;incendie s&rsquo;\u00e9tendait sur 150 hectares vers 19h25, contre 50 hectares moins d&rsquo;une heure plus t\u00f4t, [&hellip;]<\/p>\n","protected":false},"author":2,"featured_media":25450,"comment_status":"open","ping_status":"open","sticky":false,"template":"","format":"standard","meta":{"_jetpack_memberships_contains_paid_content":false,"footnotes":"","jetpack_publicize_message":"","jetpack_publicize_feature_enabled":true,"jetpack_social_post_already_shared":true,"jetpack_social_options":{"image_generator_settings":{"template":"highway","default_image_id":0,"font":"","enabled":false},"version":2},"_wpas_customize_per_network":false},"categories":[405],"tags":[],"class_list":["post-25449","post","type-post","status-publish","format-standard","has-post-thumbnail","hentry","category-actu-france-monde"],"jetpack_publicize_connections":[],"jetpack_featured_media_url":"https:\/\/i0.wp.com\/www.iceagetv.com\/radiosite\/wp-content\/uploads\/2023\/08\/Un-feu-de-foret-sur-la-cote-mediterraneenne.jpg?fit=679%2C293&ssl=1","jetpack_sharing_enabled":true,"_links":{"self":[{"href":"https:\/\/www.iceagetv.com\/radiosite\/wp-json\/wp\/v2\/posts\/25449","targetHints":{"allow":["GET"]}}],"collection":[{"href":"https:\/\/www.iceagetv.com\/radiosite\/wp-json\/wp\/v2\/posts"}],"about":[{"href":"https:\/\/www.iceagetv.com\/radiosite\/wp-json\/wp\/v2\/types\/post"}],"author":[{"embeddable":true,"href":"https:\/\/www.iceagetv.com\/radiosite\/wp-json\/wp\/v2\/users\/2"}],"replies":[{"embeddable":true,"href":"https:\/\/www.iceagetv.com\/radiosite\/wp-json\/wp\/v2\/comments?post=25449"}],"version-history":[{"count":1,"href":"https:\/\/www.iceagetv.com\/radiosite\/wp-json\/wp\/v2\/posts\/25449\/revisions"}],"predecessor-version":[{"id":25451,"href":"https:\/\/www.iceagetv.com\/radiosite\/wp-json\/wp\/v2\/posts\/25449\/revisions\/25451"}],"wp:featuredmedia":[{"embeddable":true,"href":"https:\/\/www.iceagetv.com\/radiosite\/wp-json\/wp\/v2\/media\/25450"}],"wp:attachment":[{"href":"https:\/\/www.iceagetv.com\/radiosite\/wp-json\/wp\/v2\/media?parent=25449"}],"wp:term":[{"taxonomy":"category","embeddable":true,"href":"https:\/\/www.iceagetv.com\/radiosite\/wp-json\/wp\/v2\/categories?post=25449"},{"taxonomy":"post_tag","embeddable":true,"href":"https:\/\/www.iceagetv.com\/radiosite\/wp-json\/wp\/v2\/tags?post=25449"}],"curies":[{"name":"wp","href":"https:\/\/api.w.org\/{rel}","templated":true}]}}