{"id":25467,"date":"2023-08-07T18:30:59","date_gmt":"2023-08-07T18:30:59","guid":{"rendered":"https:\/\/www.iceagetv.com\/radiosite\/?p=25467"},"modified":"2023-08-07T18:30:59","modified_gmt":"2023-08-07T18:30:59","slug":"femme-sequestree-a-forbach-en-moselle-une-enquete-ouverte-pour-viol-sequestration-et-torture-la-garde-a-vue-de-son-mari-prolongee-annonce-le-procureur","status":"publish","type":"post","link":"https:\/\/www.iceagetv.com\/radiosite\/femme-sequestree-a-forbach-en-moselle-une-enquete-ouverte-pour-viol-sequestration-et-torture-la-garde-a-vue-de-son-mari-prolongee-annonce-le-procureur\/","title":{"rendered":"Femme s\u00e9questr\u00e9e \u00e0 Forbach en Moselle: Une enqu\u00eate ouverte pour viol, s\u00e9questration et torture &#8211; La garde \u00e0 vue de son mari prolong\u00e9e, annonce le procureur"},"content":{"rendered":"\n<p><strong>Le point sur ce que l&rsquo;on sait ce soir<\/strong><\/p>\n\n\n\n<p>La garde \u00e0 vue de l\u2019homme accus\u00e9 par sa femme de l\u2019avoir s\u00e9questr\u00e9e depuis 2011 va \u00eatre prolong\u00e9e lundi apr\u00e8s-midi, bien que les premiers \u00e9l\u00e9ments d\u00e9voil\u00e9s par le procureur de Sarreguemines (Moselle) Olivier Glady n\u2019\u00e9voquent plus un enfermement.<\/p>\n\n\n\n<p>Cet Allemand de 55 ans, interpell\u00e9 lundi \u00e0 06H00 au domicile du couple \u00e0 Forbach (Moselle), a \u00e9t\u00e9 plac\u00e9 en garde \u00e0 vue et une enqu\u00eate a \u00e9t\u00e9 ouverte pour s\u00e9questration, viols aggrav\u00e9s et actes de torture et de barbarie. Sa garde \u00e0 vue va \u00eatre prolong\u00e9e \u00ab en cette fin d\u2019apr\u00e8s-midi pour renouveler un d\u00e9lai de 24H \u00bb, a indiqu\u00e9 lors d\u2019une conf\u00e9rence de presse Olivier Glady.<\/p>\n\n\n\n<p>Le procureur est toutefois plus prudent sur le terme de s\u00e9questration, soulignant qu\u2019aucun \u00e9l\u00e9ment pour l\u2019heure n\u2019apparait avec \u00e9vidence aux yeux des enqu\u00eateurs comme \u00e9voquant une s\u00e9questration. Selon les premiers examens, la femme, \u00e2g\u00e9e de 53 ans et \u00e9galement allemande, ne souffre d\u2019\u00ab aucune fracture \u00bb et ne pr\u00e9sente ni \u00ab ecchymoses \u00e9vidente \u00bb ni \u00ab escarre \u00bb, a encore expliqu\u00e9 le magistrat.<\/p>\n\n\n\n<p>Des analyses sanguines et urinaires ont \u00e9galement \u00e9t\u00e9 men\u00e9es qui ne mettent en \u00e9vidence aucun \u00ab \u00e9tat de d\u00e9shydratation significatif \u00bb, a-t-il ajout\u00e9, mentionnant encore le cancer dont pourrait souffrir la quinquag\u00e9naire, \u00e9voqu\u00e9 par plusieurs membres du voisinage.<\/p>\n\n\n\n<p>Le \u00ab curseur se d\u00e9place vraisemblablement d\u2019un sc\u00e9nario effrayant vers des conditions de prise en charge d\u2019une maladie insatisfaisantes \u00bb, a encore estim\u00e9 M. Glady, soulignant les \u00ab incoh\u00e9rences \u00bb dans le discours que la femme a tenu aux enqu\u00eateurs. \u00ab Le sc\u00e9nario au moment o\u00f9 je vous parle semble permettre \u00e0 priori d\u2019\u00e9loigner le spectre de Barbe Bleue en Moselle Est \u00bb, a-t-il d\u00e9clar\u00e9.<\/p>\n\n\n\n<p>La question du suivi m\u00e9dical de cette femme devra \u00eatre toutefois creus\u00e9e et des contacts ont \u00e9t\u00e9 pris avec la caisse primaire d\u2019assurance maladie, a-t-il ajout\u00e9. Elle doit \u00eatre examin\u00e9e prochainement par un m\u00e9decin l\u00e9giste. Son audition est en cours mais l\u2019aspect m\u00e9dical \u00ab l\u2019a emport\u00e9 sur le recueil du r\u00e9cit de ce point de vue \u00bb, a indiqu\u00e9 M. Glady.<\/p>\n\n\n\n<p><strong>La garde \u00e0 vue, notamment pour \u00ab\u00a0actes de torture et de barbarie\u00a0\u00bb, de&nbsp;l&rsquo;homme accus\u00e9 par sa femme de l&rsquo;avoir s\u00e9questr\u00e9e depuis 2011&nbsp;a \u00e9t\u00e9 prolong\u00e9e ce lundi apr\u00e8s-midi, a indiqu\u00e9 lundi le procureur de la R\u00e9publique de Sarreguemines (Moselle).<\/strong><\/p>\n\n\n\n<p>Cet Allemand de 55 ans, qui avait \u00e9t\u00e9 interpell\u00e9 lundi \u00e0 6h au domicile du couple \u00e0 Forbach (Moselle), a \u00e9t\u00e9 plac\u00e9 en garde \u00e0 vue pour s\u00e9questration, viols aggrav\u00e9s et actes de torture et de barbarie, mesure qui a \u00e9t\u00e9 prolong\u00e9e \u00ab\u00a0en fin d&rsquo;apr\u00e8s-midi\u00a0\u00bb, a indiqu\u00e9 lors d&rsquo;une conf\u00e9rence de presse Olivier Glady.<\/p>\n","protected":false},"excerpt":{"rendered":"<p>Le point sur ce que l&rsquo;on sait ce soir La garde \u00e0 vue de l\u2019homme accus\u00e9 par sa femme de l\u2019avoir s\u00e9questr\u00e9e depuis 2011 va \u00eatre prolong\u00e9e lundi apr\u00e8s-midi, bien que les premiers \u00e9l\u00e9ments d\u00e9voil\u00e9s par le procureur de Sarreguemines (Moselle) Olivier Glady n\u2019\u00e9voquent plus un enfermement. Cet Allemand de 55 ans, interpell\u00e9 lundi \u00e0 [&hellip;]<\/p>\n","protected":false},"author":2,"featured_media":25468,"comment_status":"open","ping_status":"open","sticky":false,"template":"","format":"standard","meta":{"_jetpack_memberships_contains_paid_content":false,"footnotes":"","jetpack_publicize_message":"","jetpack_publicize_feature_enabled":true,"jetpack_social_post_already_shared":true,"jetpack_social_options":{"image_generator_settings":{"template":"highway","default_image_id":0,"font":"","enabled":false},"version":2},"_wpas_customize_per_network":false},"categories":[405],"tags":[],"class_list":["post-25467","post","type-post","status-publish","format-standard","has-post-thumbnail","hentry","category-actu-france-monde"],"jetpack_publicize_connections":[],"jetpack_featured_media_url":"https:\/\/i0.wp.com\/www.iceagetv.com\/radiosite\/wp-content\/uploads\/2023\/08\/Femme-sequestree-a-Forbach-en-Moselle.jpg?fit=679%2C293&ssl=1","jetpack_sharing_enabled":true,"_links":{"self":[{"href":"https:\/\/www.iceagetv.com\/radiosite\/wp-json\/wp\/v2\/posts\/25467","targetHints":{"allow":["GET"]}}],"collection":[{"href":"https:\/\/www.iceagetv.com\/radiosite\/wp-json\/wp\/v2\/posts"}],"about":[{"href":"https:\/\/www.iceagetv.com\/radiosite\/wp-json\/wp\/v2\/types\/post"}],"author":[{"embeddable":true,"href":"https:\/\/www.iceagetv.com\/radiosite\/wp-json\/wp\/v2\/users\/2"}],"replies":[{"embeddable":true,"href":"https:\/\/www.iceagetv.com\/radiosite\/wp-json\/wp\/v2\/comments?post=25467"}],"version-history":[{"count":1,"href":"https:\/\/www.iceagetv.com\/radiosite\/wp-json\/wp\/v2\/posts\/25467\/revisions"}],"predecessor-version":[{"id":25469,"href":"https:\/\/www.iceagetv.com\/radiosite\/wp-json\/wp\/v2\/posts\/25467\/revisions\/25469"}],"wp:featuredmedia":[{"embeddable":true,"href":"https:\/\/www.iceagetv.com\/radiosite\/wp-json\/wp\/v2\/media\/25468"}],"wp:attachment":[{"href":"https:\/\/www.iceagetv.com\/radiosite\/wp-json\/wp\/v2\/media?parent=25467"}],"wp:term":[{"taxonomy":"category","embeddable":true,"href":"https:\/\/www.iceagetv.com\/radiosite\/wp-json\/wp\/v2\/categories?post=25467"},{"taxonomy":"post_tag","embeddable":true,"href":"https:\/\/www.iceagetv.com\/radiosite\/wp-json\/wp\/v2\/tags?post=25467"}],"curies":[{"name":"wp","href":"https:\/\/api.w.org\/{rel}","templated":true}]}}