{"id":25470,"date":"2023-08-08T18:50:15","date_gmt":"2023-08-08T18:50:15","guid":{"rendered":"https:\/\/www.iceagetv.com\/radiosite\/?p=25470"},"modified":"2023-08-08T18:50:15","modified_gmt":"2023-08-08T18:50:15","slug":"moselle-comment-toute-la-presse-sest-emballee-hier-sur-lhistoire-de-cette-allemande-sequestree-et-torturee-depuis-2011-alors-que-tout-etait-faux","status":"publish","type":"post","link":"https:\/\/www.iceagetv.com\/radiosite\/moselle-comment-toute-la-presse-sest-emballee-hier-sur-lhistoire-de-cette-allemande-sequestree-et-torturee-depuis-2011-alors-que-tout-etait-faux\/","title":{"rendered":"Moselle &#8211; Comment toute la presse s&rsquo;est emball\u00e9e hier sur l&rsquo;histoire de cette allemande s\u00e9questr\u00e9e et tortur\u00e9e depuis 2011&#8230; alors que tout \u00e9tait faux\u00a0"},"content":{"rendered":"\n<p>Visiblement tout \u00e9tait faux ! Hier, la presse et en particulier certaines chaines infos se sont emball\u00e9es sur l&rsquo;histoire de cette femme&nbsp;Allemande de 53 ans se disant s\u00e9questr\u00e9e et tortur\u00e9e depuis 2011 par son mari en Moselle. Mais les premiers \u00e9l\u00e9ments de l&rsquo;enqu\u00eate semblent \u00e9carter une telle hypoth\u00e8se, d&rsquo;ailleurs hier, en fin d\u2019apr\u00e8s-midi, le procureur de la R\u00e9publique de Sarreguemines avait d\u00e9j\u00e0 appel\u00e9 \u00e0 la prudence, les premiers \u00e9l\u00e9ments de l\u2019enqu\u00eate ne semblant pas concorder avec les accusations de la plaignante.<\/p>\n\n\n\n<p>En effet, selon les informations de CNEWS, cette femme ne souffre pas d\u2019un cancer, comme cela a pu \u00eatre \u00e9voqu\u00e9 dans un premier temps, mais de plusieurs pathologies, dont une maladie d\u00e9g\u00e9n\u00e9rative qui l&rsquo;invalide et lui cause de fortes douleurs.<\/p>\n\n\n\n<p>Son \u00e9tat se serait d\u00e9grad\u00e9 ces derniers mois.<\/p>\n\n\n\n<p>Elle souffrirait \u00e9galement d&rsquo;une alop\u00e9cie, pouvant expliquer sa perte de cheveux. Ce mardi, en d\u00e9but de soir\u00e9e, Olivier Glady, le procureur, a confirm\u00e9 ces informations, en indiquant que la femme souffrait de diff\u00e9rentes pathologies inflammatoires et de de rhumatismes invalidants, dont les sympt\u00f4mes se seraient aggrav\u00e9s depuis une dizaine de mois.<\/p>\n\n\n\n<p>Le procureur a \u00e9galement affirm\u00e9 qu&rsquo;\u00e0 l&rsquo;issue des examens gyn\u00e9cologiques de la plaignante, qui accuse \u00e9galement son mari de viol, rien ne permet de conclure \u00e0 des rapports sexuels contraints ou consentis.<\/p>\n\n\n\n<p>L&rsquo;examen du m\u00e9decin l\u00e9giste a \u00e9galement permis de confirmer les premiers conclusions du scanner op\u00e9r\u00e9 hier sur la femme, qui ne pr\u00e9sente aucune fracture ni aucun h\u00e9matome.<\/p>\n\n\n\n<p>Le domicile du couple a \u00e9galement \u00e9t\u00e9 pass\u00e9 au crible par les enqu\u00eateurs, qui n&rsquo;ont trouv\u00e9 aucune projection de sang pouvant corroborer les accusations de torture.<\/p>\n\n\n\n<p>Par ailleurs, le couple d\u2019Allemands n\u2019est plus pris en charge m\u00e9dicalement dans son pays d\u2019origine depuis 2016, et n\u2019a pas entrepris les d\u00e9marches en France pour obtenir des soins pour l\u2019\u00e9pouse, car parlent tous les deux tr\u00e8s mal le fran\u00e7ais. Ils auraient \u00e9galement craint de devoir payer d\u2019importants frais m\u00e9dicaux.<\/p>\n\n\n\n<p>La caisse d\u2019assurance maladie n\u2019a donc aucune information sur les ant\u00e9c\u00e9dents m\u00e9dicaux du couple.<\/p>\n\n\n\n<p>\u00abOn s&rsquo;oriente vers un drame social et sanitaire d&rsquo;un couple qui vit reclus sur lui-m\u00eame et d&rsquo;un homme qui prend en charge les soins de sa femme du mieux qu&rsquo;il peut avec les moyens du bord. Il fait preuve d&rsquo;un d\u00e9vouement certain\u00bb, nous indique une source proche du dossier.<\/p>\n\n\n\n<p>Le procureur de la R\u00e9publique a effectivement soulign\u00e9 l&rsquo;isolement du couple, qui n&rsquo;a plus aucun contact avec les membres de leurs familles depuis plusieurs ann\u00e9es.<\/p>\n","protected":false},"excerpt":{"rendered":"<p>Visiblement tout \u00e9tait faux ! Hier, la presse et en particulier certaines chaines infos se sont emball\u00e9es sur l&rsquo;histoire de cette femme&nbsp;Allemande de 53 ans se disant s\u00e9questr\u00e9e et tortur\u00e9e depuis 2011 par son mari en Moselle. Mais les premiers \u00e9l\u00e9ments de l&rsquo;enqu\u00eate semblent \u00e9carter une telle hypoth\u00e8se, d&rsquo;ailleurs hier, en fin d\u2019apr\u00e8s-midi, le procureur [&hellip;]<\/p>\n","protected":false},"author":2,"featured_media":25471,"comment_status":"open","ping_status":"open","sticky":false,"template":"","format":"standard","meta":{"_jetpack_memberships_contains_paid_content":false,"footnotes":"","jetpack_publicize_message":"","jetpack_publicize_feature_enabled":true,"jetpack_social_post_already_shared":true,"jetpack_social_options":{"image_generator_settings":{"template":"highway","default_image_id":0,"font":"","enabled":false},"version":2},"_wpas_customize_per_network":false},"categories":[405],"tags":[],"class_list":["post-25470","post","type-post","status-publish","format-standard","has-post-thumbnail","hentry","category-actu-france-monde"],"jetpack_publicize_connections":[],"jetpack_featured_media_url":"https:\/\/i0.wp.com\/www.iceagetv.com\/radiosite\/wp-content\/uploads\/2023\/08\/Moselle.jpg?fit=679%2C293&ssl=1","jetpack_sharing_enabled":true,"_links":{"self":[{"href":"https:\/\/www.iceagetv.com\/radiosite\/wp-json\/wp\/v2\/posts\/25470","targetHints":{"allow":["GET"]}}],"collection":[{"href":"https:\/\/www.iceagetv.com\/radiosite\/wp-json\/wp\/v2\/posts"}],"about":[{"href":"https:\/\/www.iceagetv.com\/radiosite\/wp-json\/wp\/v2\/types\/post"}],"author":[{"embeddable":true,"href":"https:\/\/www.iceagetv.com\/radiosite\/wp-json\/wp\/v2\/users\/2"}],"replies":[{"embeddable":true,"href":"https:\/\/www.iceagetv.com\/radiosite\/wp-json\/wp\/v2\/comments?post=25470"}],"version-history":[{"count":1,"href":"https:\/\/www.iceagetv.com\/radiosite\/wp-json\/wp\/v2\/posts\/25470\/revisions"}],"predecessor-version":[{"id":25472,"href":"https:\/\/www.iceagetv.com\/radiosite\/wp-json\/wp\/v2\/posts\/25470\/revisions\/25472"}],"wp:featuredmedia":[{"embeddable":true,"href":"https:\/\/www.iceagetv.com\/radiosite\/wp-json\/wp\/v2\/media\/25471"}],"wp:attachment":[{"href":"https:\/\/www.iceagetv.com\/radiosite\/wp-json\/wp\/v2\/media?parent=25470"}],"wp:term":[{"taxonomy":"category","embeddable":true,"href":"https:\/\/www.iceagetv.com\/radiosite\/wp-json\/wp\/v2\/categories?post=25470"},{"taxonomy":"post_tag","embeddable":true,"href":"https:\/\/www.iceagetv.com\/radiosite\/wp-json\/wp\/v2\/tags?post=25470"}],"curies":[{"name":"wp","href":"https:\/\/api.w.org\/{rel}","templated":true}]}}