{"id":25473,"date":"2023-08-08T18:52:49","date_gmt":"2023-08-08T18:52:49","guid":{"rendered":"https:\/\/www.iceagetv.com\/radiosite\/?p=25473"},"modified":"2023-08-08T18:52:49","modified_gmt":"2023-08-08T18:52:49","slug":"la-consommation-des-fruits-et-legumes-dete-seffondre-a-cause-du-mauvais-temps-indique-le-representant-des-producteurs-de-fruits-et-legumes-frais","status":"publish","type":"post","link":"https:\/\/www.iceagetv.com\/radiosite\/la-consommation-des-fruits-et-legumes-dete-seffondre-a-cause-du-mauvais-temps-indique-le-representant-des-producteurs-de-fruits-et-legumes-frais\/","title":{"rendered":"La consommation des fruits et l\u00e9gumes d&rsquo;\u00e9t\u00e9 s&rsquo;effondre \u00e0 cause du mauvais temps, indique le repr\u00e9sentant des producteurs de fruits et l\u00e9gumes frais\u00a0"},"content":{"rendered":"\n<p>Les ventes d&rsquo;abricots, tomates et melons, traditionnellement consomm\u00e9s en p\u00e9riode estivale, s&rsquo;effondrent \u00e0 cause du mauvais temps, selon le repr\u00e9sentant des producteurs de fruits et l\u00e9gumes frais.<\/p>\n\n\n\n<p>\u00ab\u00a0Ce qu&rsquo;on constate, c&rsquo;est qu&rsquo;il y a des stocks qui s&rsquo;accumulent avec des situations de crise d\u00e9clar\u00e9es\u00a0\u00bb, a indiqu\u00e9 vendredi \u00e0 l&rsquo;AFP Laurent Grandin, pr\u00e9sident d&rsquo;Interfel, l&rsquo;interprofession des fruits et l\u00e9gumes frais.<\/p>\n\n\n\n<p>\u00ab\u00a0On voit qu&rsquo;il y a une sous-consommation\u00a0\u00bb parce que les prix reculent fortement, signe d&rsquo;une demande en berne, a-t-il ajout\u00e9, sans pouvoir donner de chiffres pr\u00e9cis.<\/p>\n\n\n\n<p>Abricots, tomates, melons et prunes: tous sont plac\u00e9s en situation de crise conjoncturelle par l&rsquo;\u00c9tablissement national des produits de l&rsquo;agriculture et de la mer (FranceAgriMer), qui pointe des baisses de prix allant de -20 \u00e0 -29% par rapport \u00e0 l&rsquo;an dernier. Le concombre (-19%) est aussi affect\u00e9, mais pas encore d\u00e9clar\u00e9 en situation de crise.<\/p>\n\n\n\n<p>Certains produits trouvent d&rsquo;autres d\u00e9bouch\u00e9s, parce qu&rsquo;ils peuvent \u00eatre transform\u00e9s. \u00ab\u00a0C&rsquo;est vrai de l&rsquo;abricot, c&rsquo;est vrai \u00e9galement de la prune\u00a0\u00bb, a expliqu\u00e9 M. Grandin.<\/p>\n\n\n\n<p>\u00ab\u00a0Mais vous avez des produits qu&rsquo;il n&rsquo;est pas possible d&rsquo;orienter vers l&rsquo;industrie, le melon en particulier, voire la tomate\u00a0\u00bb, selon lui. La mani\u00e8re de cultiver \u00ab\u00a0les tomates de bouche n&rsquo;est pas la m\u00eame que pour celles destin\u00e9es \u00e0 la transformation, ce ne sont ni les m\u00eames vari\u00e9t\u00e9s ni les m\u00eames fa\u00e7ons de les r\u00e9colter\u00a0\u00bb, a-t-il encore dit.<\/p>\n\n\n\n<p>Fran\u00e7oise Roch pr\u00e9sidente de la FNPF, F\u00e9d\u00e9ration nationale des producteurs de fruits, rappelle \u00e0 l&rsquo;AFP que la consommation de ces fruits et l\u00e9gumes estivaux \u00ab\u00a0est tr\u00e8s ponctuelle\u00a0\u00bb, avec des cons\u00e9quences \u00ab\u00a0tr\u00e8s importantes\u00a0\u00bb pour la fili\u00e8re en cas de mauvaises ventes, m\u00eame \u00ab\u00a0pour une semaine de perte de consommation\u00a0\u00bb.<\/p>\n","protected":false},"excerpt":{"rendered":"<p>Les ventes d&rsquo;abricots, tomates et melons, traditionnellement consomm\u00e9s en p\u00e9riode estivale, s&rsquo;effondrent \u00e0 cause du mauvais temps, selon le repr\u00e9sentant des producteurs de fruits et l\u00e9gumes frais. \u00ab\u00a0Ce qu&rsquo;on constate, c&rsquo;est qu&rsquo;il y a des stocks qui s&rsquo;accumulent avec des situations de crise d\u00e9clar\u00e9es\u00a0\u00bb, a indiqu\u00e9 vendredi \u00e0 l&rsquo;AFP Laurent Grandin, pr\u00e9sident d&rsquo;Interfel, l&rsquo;interprofession des [&hellip;]<\/p>\n","protected":false},"author":2,"featured_media":25474,"comment_status":"open","ping_status":"open","sticky":false,"template":"","format":"standard","meta":{"_jetpack_memberships_contains_paid_content":false,"footnotes":"","jetpack_publicize_message":"","jetpack_publicize_feature_enabled":true,"jetpack_social_post_already_shared":true,"jetpack_social_options":{"image_generator_settings":{"template":"highway","default_image_id":0,"font":"","enabled":false},"version":2},"_wpas_customize_per_network":false},"categories":[405],"tags":[],"class_list":["post-25473","post","type-post","status-publish","format-standard","has-post-thumbnail","hentry","category-actu-france-monde"],"jetpack_publicize_connections":[],"jetpack_featured_media_url":"https:\/\/i0.wp.com\/www.iceagetv.com\/radiosite\/wp-content\/uploads\/2023\/08\/La-consommation-des-fruits-et-legumes-dete.jpg?fit=679%2C293&ssl=1","jetpack_sharing_enabled":true,"_links":{"self":[{"href":"https:\/\/www.iceagetv.com\/radiosite\/wp-json\/wp\/v2\/posts\/25473","targetHints":{"allow":["GET"]}}],"collection":[{"href":"https:\/\/www.iceagetv.com\/radiosite\/wp-json\/wp\/v2\/posts"}],"about":[{"href":"https:\/\/www.iceagetv.com\/radiosite\/wp-json\/wp\/v2\/types\/post"}],"author":[{"embeddable":true,"href":"https:\/\/www.iceagetv.com\/radiosite\/wp-json\/wp\/v2\/users\/2"}],"replies":[{"embeddable":true,"href":"https:\/\/www.iceagetv.com\/radiosite\/wp-json\/wp\/v2\/comments?post=25473"}],"version-history":[{"count":1,"href":"https:\/\/www.iceagetv.com\/radiosite\/wp-json\/wp\/v2\/posts\/25473\/revisions"}],"predecessor-version":[{"id":25475,"href":"https:\/\/www.iceagetv.com\/radiosite\/wp-json\/wp\/v2\/posts\/25473\/revisions\/25475"}],"wp:featuredmedia":[{"embeddable":true,"href":"https:\/\/www.iceagetv.com\/radiosite\/wp-json\/wp\/v2\/media\/25474"}],"wp:attachment":[{"href":"https:\/\/www.iceagetv.com\/radiosite\/wp-json\/wp\/v2\/media?parent=25473"}],"wp:term":[{"taxonomy":"category","embeddable":true,"href":"https:\/\/www.iceagetv.com\/radiosite\/wp-json\/wp\/v2\/categories?post=25473"},{"taxonomy":"post_tag","embeddable":true,"href":"https:\/\/www.iceagetv.com\/radiosite\/wp-json\/wp\/v2\/tags?post=25473"}],"curies":[{"name":"wp","href":"https:\/\/api.w.org\/{rel}","templated":true}]}}