{"id":25479,"date":"2023-08-09T11:09:23","date_gmt":"2023-08-09T11:09:23","guid":{"rendered":"https:\/\/www.iceagetv.com\/radiosite\/?p=25479"},"modified":"2023-08-09T11:09:23","modified_gmt":"2023-08-09T11:09:23","slug":"incendie-pres-de-colmar-neuf-corps-decouverts-dans-les-decombres-du-gite-annoncent-les-pompiers-2-personnes-encore-disparues-elisabeth-borne-se-rend-sur-place","status":"publish","type":"post","link":"https:\/\/www.iceagetv.com\/radiosite\/incendie-pres-de-colmar-neuf-corps-decouverts-dans-les-decombres-du-gite-annoncent-les-pompiers-2-personnes-encore-disparues-elisabeth-borne-se-rend-sur-place\/","title":{"rendered":"\u00a0Incendie pr\u00e8s de Colmar : Neuf corps d\u00e9couverts dans les d\u00e9combres du g\u00eete, annoncent les pompiers &#8211; 2 personnes encore disparues &#8211; Elisabeth Borne se rend sur place"},"content":{"rendered":"\n<p>\u00a0Incendie pr\u00e8s de Colmar : Neuf corps d\u00e9couverts dans les d\u00e9combres du g\u00eete, annoncent les pompiers &#8211; 2 personnes encore disparues &#8211; Elisabeth Borne se rend sur place<\/p>\n\n\n\n<p><strong>La pr\u00e9fecture du Haut-Rhin vient de publier un nouveau communiqu\u00e9 de presse \u00e0 la mi-journ\u00e9e<\/strong><\/p>\n\n\n\n<p>Un incendie s\u2019est d\u00e9clar\u00e9 vers 6h30 au 2 rue principale \u00e0 Wintzenheim, dans un g\u00eete priv\u00e9 situ\u00e9 \u00e0 La Forge, 300m2 ont \u00e9t\u00e9 embras\u00e9s sur un b\u00e2timent de 500m2.&nbsp;Point de situation \u00e0 12h00 : Le feu est ma\u00eetris\u00e9. La RD 417 a \u00e9t\u00e9 ferm\u00e9e \u00e0 la circulation. Une d\u00e9viation a \u00e9t\u00e9 mise en place par les \u00e9quipes de la Collectivit\u00e9 Europ\u00e9enne d\u2019Alsace, renforc\u00e9es par les gendarmes. Le b\u00e2timent accueillait, pour les vacances, deux groupes d\u2019adultes en situation de handicap, encadr\u00e9s par deux associations.<\/p>\n\n\n\n<p>Un accueil discret pour les familles a \u00e9t\u00e9 organis\u00e9 dans une salle \u00e0 Wintzenheim. Les sapeurs-pompiers terminent les op\u00e9rations d\u2019extinction des derniers foyers r\u00e9siduels.<\/p>\n\n\n\n<p>Ils proc\u00e8dent \u00e9galement aux op\u00e9rations d\u2019\u00e9tayage des structures du b\u00e2timent calcin\u00e9. Ces derni\u00e8res actions permettront de s\u00e9curiser les op\u00e9rations des gendarmes dans le cadre des enqu\u00eates judiciaires sous l\u2019autorit\u00e9 du procureur de Colmar.<\/p>\n\n\n\n<p><strong>Le feu est \u00e9teint. La situation est stable. Neuf corps ont \u00e9t\u00e9 localis\u00e9s, deux sont encore introuvables\u00a0\u00bb, indiquent les pompiers. \u00ab\u00a080 sapeur-pompiers ont \u00e9t\u00e9 mobilis\u00e9s\u00a0\u00bb.<\/strong><\/p>\n\n\n\n<p><strong>12h17:&nbsp;<\/strong>Le pr\u00e9sident de la r\u00e9gion Grand-Est, Franck Leroy, a post\u00e9 un message sur son compte X (ex-Twitter). \u00ab&nbsp;Face au drame de Wintzenheim, je veux dire mon \u00e9motion, ma tristesse et adresser mes pens\u00e9es aux victimes, \u00e0 leurs familles ainsi qu\u2019au personnel du centre&nbsp;\u00bb, d\u00e9clare-t-il sur le r\u00e9seau social. Et d\u2019ajouter : \u00ab&nbsp;Dans ces m\u00eames moments d\u2019incertitudes et de douleurs, j\u2019ai \u00e9galement une pens\u00e9e pour les services de secours, pompiers et gendarmes mobilis\u00e9s depuis ce matin&nbsp;\u00bb<\/p>\n","protected":false},"excerpt":{"rendered":"<p>\u00a0Incendie pr\u00e8s de Colmar : Neuf corps d\u00e9couverts dans les d\u00e9combres du g\u00eete, annoncent les pompiers &#8211; 2 personnes encore disparues &#8211; Elisabeth Borne se rend sur place La pr\u00e9fecture du Haut-Rhin vient de publier un nouveau communiqu\u00e9 de presse \u00e0 la mi-journ\u00e9e Un incendie s\u2019est d\u00e9clar\u00e9 vers 6h30 au 2 rue principale \u00e0 Wintzenheim, [&hellip;]<\/p>\n","protected":false},"author":2,"featured_media":25480,"comment_status":"open","ping_status":"open","sticky":false,"template":"","format":"standard","meta":{"_jetpack_memberships_contains_paid_content":false,"footnotes":"","jetpack_publicize_message":"","jetpack_publicize_feature_enabled":true,"jetpack_social_post_already_shared":true,"jetpack_social_options":{"image_generator_settings":{"template":"highway","default_image_id":0,"font":"","enabled":false},"version":2},"_wpas_customize_per_network":false},"categories":[405],"tags":[],"class_list":["post-25479","post","type-post","status-publish","format-standard","has-post-thumbnail","hentry","category-actu-france-monde"],"jetpack_publicize_connections":[],"jetpack_featured_media_url":"https:\/\/i0.wp.com\/www.iceagetv.com\/radiosite\/wp-content\/uploads\/2023\/08\/Incendie-pres-de-Colmar.jpg?fit=679%2C293&ssl=1","jetpack_sharing_enabled":true,"_links":{"self":[{"href":"https:\/\/www.iceagetv.com\/radiosite\/wp-json\/wp\/v2\/posts\/25479","targetHints":{"allow":["GET"]}}],"collection":[{"href":"https:\/\/www.iceagetv.com\/radiosite\/wp-json\/wp\/v2\/posts"}],"about":[{"href":"https:\/\/www.iceagetv.com\/radiosite\/wp-json\/wp\/v2\/types\/post"}],"author":[{"embeddable":true,"href":"https:\/\/www.iceagetv.com\/radiosite\/wp-json\/wp\/v2\/users\/2"}],"replies":[{"embeddable":true,"href":"https:\/\/www.iceagetv.com\/radiosite\/wp-json\/wp\/v2\/comments?post=25479"}],"version-history":[{"count":1,"href":"https:\/\/www.iceagetv.com\/radiosite\/wp-json\/wp\/v2\/posts\/25479\/revisions"}],"predecessor-version":[{"id":25481,"href":"https:\/\/www.iceagetv.com\/radiosite\/wp-json\/wp\/v2\/posts\/25479\/revisions\/25481"}],"wp:featuredmedia":[{"embeddable":true,"href":"https:\/\/www.iceagetv.com\/radiosite\/wp-json\/wp\/v2\/media\/25480"}],"wp:attachment":[{"href":"https:\/\/www.iceagetv.com\/radiosite\/wp-json\/wp\/v2\/media?parent=25479"}],"wp:term":[{"taxonomy":"category","embeddable":true,"href":"https:\/\/www.iceagetv.com\/radiosite\/wp-json\/wp\/v2\/categories?post=25479"},{"taxonomy":"post_tag","embeddable":true,"href":"https:\/\/www.iceagetv.com\/radiosite\/wp-json\/wp\/v2\/tags?post=25479"}],"curies":[{"name":"wp","href":"https:\/\/api.w.org\/{rel}","templated":true}]}}