{"id":25491,"date":"2023-08-11T11:17:28","date_gmt":"2023-08-11T11:17:28","guid":{"rendered":"https:\/\/www.iceagetv.com\/radiosite\/?p=25491"},"modified":"2023-08-11T11:17:28","modified_gmt":"2023-08-11T11:17:28","slug":"incendie-mortel-dans-un-gite-de-wintzenheim-en-alsace-une-enquete-a-ete-ouverte-pour-homicides-et-blessures-involontaires-annonce-le-parquet-de-paris","status":"publish","type":"post","link":"https:\/\/www.iceagetv.com\/radiosite\/incendie-mortel-dans-un-gite-de-wintzenheim-en-alsace-une-enquete-a-ete-ouverte-pour-homicides-et-blessures-involontaires-annonce-le-parquet-de-paris\/","title":{"rendered":"Incendie mortel dans un g\u00eete de Wintzenheim en Alsace: Une enqu\u00eate a \u00e9t\u00e9 ouverte pour \u00ab\u00a0homicides\u00a0\u00bb et \u00ab\u00a0blessures involontaires\u00a0\u00bb, annonce le parquet de Paris"},"content":{"rendered":"\n<p>Incendie dans un g\u00eete en Alsace: Une enqu\u00eate a \u00e9t\u00e9 ouverte pour \u00ab\u00a0homicides\u00a0\u00bb et \u00ab\u00a0blessures involontaires\u00a0\u00bb, annonce le parquet de Paris \u00e0 la mi-journ\u00e9e.<\/p>\n\n\n\n<p>Onze morts et deux \u00e9tages qui partent en fum\u00e9e: le g\u00eete de vacances de Wintzenheim, qui accueillait des personnes handicap\u00e9es, n&rsquo;\u00e9tait ni d\u00e9clar\u00e9 en mairie ni conforme aux normes de s\u00e9curit\u00e9.<\/p>\n\n\n\n<p>Le b\u00e2timent incendi\u00e9, une ancienne grange r\u00e9nov\u00e9e il y a quelques ann\u00e9es, n&rsquo;avait \u00ab\u00a0aucune autorisation\u00a0\u00bb pour son activit\u00e9, a d\u00e9clar\u00e9 jeudi le maire adjoint de la petite ville du Haut-Rhin, Daniel Leroy. \u00ab\u00a0Le g\u00eete qui a br\u00fbl\u00e9 n&rsquo;a fait l&rsquo;objet d&rsquo;aucune autorisation pour l&rsquo;activit\u00e9 (que la propri\u00e9taire, NDLR) y a exerc\u00e9, il n&rsquo;avait pas fait non plus l&rsquo;objet d&rsquo;autorisations de travaux pour pouvoir accueillir des personnes handicap\u00e9es\u00a0\u00bb, a-t-il rapport\u00e9.<\/p>\n\n\n\n<p>De son c\u00f4t\u00e9, Nathalie Kielwasser, vice-procureure de la R\u00e9publique de Colmar, a soulign\u00e9 que la structure n&rsquo;avait pas re\u00e7u la visite de la commission de s\u00e9curit\u00e9. \u00ab\u00a0Si vous voulez conduire une voiture, il faut un permis, si vous voulez h\u00e9berger du monde, il faut le passage de cette commission\u00a0\u00bb, a-t-elle indiqu\u00e9 \u00e0 l&rsquo;AFP.<\/p>\n\n\n\n<p>Cette commission \u00ab\u00a0donne des pr\u00e9conisations sur la capacit\u00e9 d&rsquo;accueil, etc. On va vous imposer un certain nombre de r\u00e8gles de s\u00e9curit\u00e9\u00a0\u00bb, a-t-elle expliqu\u00e9. Ainsi, la maison disposait bien de d\u00e9tecteurs de fum\u00e9e mais pas du type pr\u00e9vu pour des structures accueillant du public.<\/p>\n","protected":false},"excerpt":{"rendered":"<p>Incendie dans un g\u00eete en Alsace: Une enqu\u00eate a \u00e9t\u00e9 ouverte pour \u00ab\u00a0homicides\u00a0\u00bb et \u00ab\u00a0blessures involontaires\u00a0\u00bb, annonce le parquet de Paris \u00e0 la mi-journ\u00e9e. Onze morts et deux \u00e9tages qui partent en fum\u00e9e: le g\u00eete de vacances de Wintzenheim, qui accueillait des personnes handicap\u00e9es, n&rsquo;\u00e9tait ni d\u00e9clar\u00e9 en mairie ni conforme aux normes de s\u00e9curit\u00e9. [&hellip;]<\/p>\n","protected":false},"author":2,"featured_media":25492,"comment_status":"open","ping_status":"open","sticky":false,"template":"","format":"standard","meta":{"_jetpack_memberships_contains_paid_content":false,"footnotes":"","jetpack_publicize_message":"","jetpack_publicize_feature_enabled":true,"jetpack_social_post_already_shared":true,"jetpack_social_options":{"image_generator_settings":{"template":"highway","default_image_id":0,"font":"","enabled":false},"version":2},"_wpas_customize_per_network":false},"categories":[405],"tags":[],"class_list":["post-25491","post","type-post","status-publish","format-standard","has-post-thumbnail","hentry","category-actu-france-monde"],"jetpack_publicize_connections":[],"jetpack_featured_media_url":"https:\/\/i0.wp.com\/www.iceagetv.com\/radiosite\/wp-content\/uploads\/2023\/08\/Incendie-mortel-dans-un-gite-de-Wintzenheim.jpg?fit=679%2C293&ssl=1","jetpack_sharing_enabled":true,"_links":{"self":[{"href":"https:\/\/www.iceagetv.com\/radiosite\/wp-json\/wp\/v2\/posts\/25491","targetHints":{"allow":["GET"]}}],"collection":[{"href":"https:\/\/www.iceagetv.com\/radiosite\/wp-json\/wp\/v2\/posts"}],"about":[{"href":"https:\/\/www.iceagetv.com\/radiosite\/wp-json\/wp\/v2\/types\/post"}],"author":[{"embeddable":true,"href":"https:\/\/www.iceagetv.com\/radiosite\/wp-json\/wp\/v2\/users\/2"}],"replies":[{"embeddable":true,"href":"https:\/\/www.iceagetv.com\/radiosite\/wp-json\/wp\/v2\/comments?post=25491"}],"version-history":[{"count":1,"href":"https:\/\/www.iceagetv.com\/radiosite\/wp-json\/wp\/v2\/posts\/25491\/revisions"}],"predecessor-version":[{"id":25493,"href":"https:\/\/www.iceagetv.com\/radiosite\/wp-json\/wp\/v2\/posts\/25491\/revisions\/25493"}],"wp:featuredmedia":[{"embeddable":true,"href":"https:\/\/www.iceagetv.com\/radiosite\/wp-json\/wp\/v2\/media\/25492"}],"wp:attachment":[{"href":"https:\/\/www.iceagetv.com\/radiosite\/wp-json\/wp\/v2\/media?parent=25491"}],"wp:term":[{"taxonomy":"category","embeddable":true,"href":"https:\/\/www.iceagetv.com\/radiosite\/wp-json\/wp\/v2\/categories?post=25491"},{"taxonomy":"post_tag","embeddable":true,"href":"https:\/\/www.iceagetv.com\/radiosite\/wp-json\/wp\/v2\/tags?post=25491"}],"curies":[{"name":"wp","href":"https:\/\/api.w.org\/{rel}","templated":true}]}}