{"id":25494,"date":"2023-08-11T13:03:07","date_gmt":"2023-08-11T13:03:07","guid":{"rendered":"https:\/\/www.iceagetv.com\/radiosite\/?p=25494"},"modified":"2023-08-11T13:03:07","modified_gmt":"2023-08-11T13:03:07","slug":"camouflet-pour-le-gouvernement-saisi-en-refere-par-les-soulevements-de-la-terre-le-conseil-detat-a-suspendu-sa-dissolution-prononcee-par-lexecutif-fin-juin","status":"publish","type":"post","link":"https:\/\/www.iceagetv.com\/radiosite\/camouflet-pour-le-gouvernement-saisi-en-refere-par-les-soulevements-de-la-terre-le-conseil-detat-a-suspendu-sa-dissolution-prononcee-par-lexecutif-fin-juin\/","title":{"rendered":"Camouflet pour le gouvernement : Saisi en r\u00e9f\u00e9r\u00e9 par \u00ab\u00a0Les Soul\u00e8vements de la Terre\u00a0\u00bb, le Conseil d&rsquo;\u00c9tat a suspendu sa dissolution prononc\u00e9e par l&rsquo;ex\u00e9cutif fin juin\u00a0"},"content":{"rendered":"\n<p>C&rsquo;est au choix un camouflet ou une claque donn\u00e9e au gouvernement par le Conseil d&rsquo;Etat. Saisi en r\u00e9f\u00e9r\u00e9 par le mouvement \u00e9cologiste \u00ab\u00a0Les Soul\u00e8vements de la Terre\u00a0\u00bb, le Conseil d&rsquo;\u00c9tat a suspendu ce vendredi sa dissolution prononc\u00e9e par l&rsquo;ex\u00e9cutif fin juin<\/p>\n\n\n\n<p>Les juges de la plus haute juridiction administrative ont d\u00e9battu mardi du r\u00e9f\u00e9r\u00e9 suspension d\u00e9pos\u00e9 par le mouvement \u00e9cologiste fin juillet pendant une audience de trois heures, et avaient mis leur d\u00e9cision en d\u00e9lib\u00e9r\u00e9. Ce recours d\u2019urgence, qui ne pr\u00e9sage pas du jugement d\u00e9finitif, visait \u00e0 suspendre la dissolution ordonn\u00e9e par le gouvernement le 21 juin s\u2019il existait des \u00abdoutes s\u00e9rieux\u00bb sur la l\u00e9galit\u00e9 du d\u00e9cret pris en Conseil des ministres. Les juges devront donc encore se prononcer sur le fond, ce qui devrait prendre plus d\u2019un an.<\/p>\n\n\n\n<p>Fin mars, quelques jours apr\u00e8s les violents affrontements entre des militants et les forces de l&rsquo;ordre contre le projet des m\u00e9gabassines \u00e0 Sainte-Soline (Deux-S\u00e8vres), le gouvernement avait annonc\u00e9 sa volont\u00e9 de dissoudre le mouvement. Avec la confirmation par le d\u00e9cret de dissolution trois mois plus tard, jamais l&rsquo;Etat n&rsquo;avait dissous un mouvement d&rsquo;une telle ampleur. En effet, pr\u00e8s de 150.000 personnes se sont d\u00e9clar\u00e9 membres, r\u00e9parties dans quelque 190 comit\u00e9s locaux sur tout le territoire.<\/p>\n\n\n\n<p>Du c\u00f4t\u00e9 des Soul\u00e8vements de la terre, on se d\u00e9fend de toute incitation \u00e0 la violence sur des personnes et on agite le drapeau de l&rsquo;urgence climatique pour justifier les actions militantes. \u00ab Il y a un constat d&rsquo;urgence climatique, on a besoin de ce soul\u00e8vement soci\u00e9tal pour attirer l&rsquo;attention et que ces projets (les m\u00e9gabassines) soit imm\u00e9diatement arr\u00eat\u00e9s \u00bb, a d\u00e9clar\u00e9 au cours de l&rsquo;audience Beno\u00eet Biteau, d\u00e9put\u00e9 europ\u00e9en (EELV) et requ\u00e9rant dans l&rsquo;affaire.<\/p>\n\n\n\n<p>Des arguments imm\u00e9diatement balay\u00e9s par Pascale Leglise : \u00ab On ne discute pas du bien-fond\u00e9 sur le sujet des bassines, on est en train de discuter des moyens d&rsquo;action de ce groupement de fait \u00bb, lui a r\u00e9torqu\u00e9 Pascale L\u00e9glise.<\/p>\n","protected":false},"excerpt":{"rendered":"<p>C&rsquo;est au choix un camouflet ou une claque donn\u00e9e au gouvernement par le Conseil d&rsquo;Etat. Saisi en r\u00e9f\u00e9r\u00e9 par le mouvement \u00e9cologiste \u00ab\u00a0Les Soul\u00e8vements de la Terre\u00a0\u00bb, le Conseil d&rsquo;\u00c9tat a suspendu ce vendredi sa dissolution prononc\u00e9e par l&rsquo;ex\u00e9cutif fin juin Les juges de la plus haute juridiction administrative ont d\u00e9battu mardi du r\u00e9f\u00e9r\u00e9 suspension [&hellip;]<\/p>\n","protected":false},"author":2,"featured_media":25495,"comment_status":"open","ping_status":"open","sticky":false,"template":"","format":"standard","meta":{"_jetpack_memberships_contains_paid_content":false,"footnotes":"","jetpack_publicize_message":"","jetpack_publicize_feature_enabled":true,"jetpack_social_post_already_shared":true,"jetpack_social_options":{"image_generator_settings":{"template":"highway","default_image_id":0,"font":"","enabled":false},"version":2},"_wpas_customize_per_network":false},"categories":[405],"tags":[],"class_list":["post-25494","post","type-post","status-publish","format-standard","has-post-thumbnail","hentry","category-actu-france-monde"],"jetpack_publicize_connections":[],"jetpack_featured_media_url":"https:\/\/i0.wp.com\/www.iceagetv.com\/radiosite\/wp-content\/uploads\/2023\/08\/Camouflet-pour-le-gouvernement.jpg?fit=679%2C293&ssl=1","jetpack_sharing_enabled":true,"_links":{"self":[{"href":"https:\/\/www.iceagetv.com\/radiosite\/wp-json\/wp\/v2\/posts\/25494","targetHints":{"allow":["GET"]}}],"collection":[{"href":"https:\/\/www.iceagetv.com\/radiosite\/wp-json\/wp\/v2\/posts"}],"about":[{"href":"https:\/\/www.iceagetv.com\/radiosite\/wp-json\/wp\/v2\/types\/post"}],"author":[{"embeddable":true,"href":"https:\/\/www.iceagetv.com\/radiosite\/wp-json\/wp\/v2\/users\/2"}],"replies":[{"embeddable":true,"href":"https:\/\/www.iceagetv.com\/radiosite\/wp-json\/wp\/v2\/comments?post=25494"}],"version-history":[{"count":1,"href":"https:\/\/www.iceagetv.com\/radiosite\/wp-json\/wp\/v2\/posts\/25494\/revisions"}],"predecessor-version":[{"id":25496,"href":"https:\/\/www.iceagetv.com\/radiosite\/wp-json\/wp\/v2\/posts\/25494\/revisions\/25496"}],"wp:featuredmedia":[{"embeddable":true,"href":"https:\/\/www.iceagetv.com\/radiosite\/wp-json\/wp\/v2\/media\/25495"}],"wp:attachment":[{"href":"https:\/\/www.iceagetv.com\/radiosite\/wp-json\/wp\/v2\/media?parent=25494"}],"wp:term":[{"taxonomy":"category","embeddable":true,"href":"https:\/\/www.iceagetv.com\/radiosite\/wp-json\/wp\/v2\/categories?post=25494"},{"taxonomy":"post_tag","embeddable":true,"href":"https:\/\/www.iceagetv.com\/radiosite\/wp-json\/wp\/v2\/tags?post=25494"}],"curies":[{"name":"wp","href":"https:\/\/api.w.org\/{rel}","templated":true}]}}