{"id":25501,"date":"2023-08-13T08:01:35","date_gmt":"2023-08-13T08:01:35","guid":{"rendered":"https:\/\/www.iceagetv.com\/radiosite\/?p=25501"},"modified":"2023-08-13T08:01:35","modified_gmt":"2023-08-13T08:01:35","slug":"paris-la-tour-eiffel-a-ete-evacuee-pour-la-seconde-fois-hier-soir-suite-a-une-nouvelle-alerte-a-la-bombe-la-premiere-evacuation-avait-eu-lieu-a-la-mi-journee","status":"publish","type":"post","link":"https:\/\/www.iceagetv.com\/radiosite\/paris-la-tour-eiffel-a-ete-evacuee-pour-la-seconde-fois-hier-soir-suite-a-une-nouvelle-alerte-a-la-bombe-la-premiere-evacuation-avait-eu-lieu-a-la-mi-journee\/","title":{"rendered":"Paris &#8211; La tour Eiffel a \u00e9t\u00e9 \u00e9vacu\u00e9e pour la seconde fois hier soir, suite \u00e0 une nouvelle alerte \u00e0 la bombe &#8211; La premi\u00e8re \u00e9vacuation avait eu lieu \u00e0 la mi-journ\u00e9e"},"content":{"rendered":"\n<p><strong>La tour Eiffel\u00a0 a \u00e9t\u00e9 \u00e9vacu\u00e9e pour la seconde fois samedi soir, suite \u00e0 une nouvelle alerte \u00e0 la bombe vers 19h30<\/strong>\u00a0selon\u00a0<a rel=\"noreferrer noopener\" href=\"https:\/\/actu17.fr\/faits-divers\/paris-la-tour-eiffel-une-nouvelle-fois-evacuee-suite-a-une-deuxieme-alerte-a-la-bombe.html\" target=\"_blank\">le site d&rsquo;information Actu 17<\/a>. \u00ab\u00a0Cette deuxi\u00e8me alerte n&rsquo;est pas venue du m\u00eame endroit du monde que la premi\u00e8re\u00a0\u00bb, confie une source proche de l&rsquo;affaire. Un p\u00e9rim\u00e8tre de s\u00e9curit\u00e9 a \u00e9t\u00e9 mis en place et le service du d\u00e9minage est de nouveau sur place, en compagnie d&rsquo;une \u00e9quipe cynophile, pour effectuer une lev\u00e9e de doute. La premi\u00e8re \u00e9vacuation avait eu lieu vers 13h30. Les v\u00e9rifications n&rsquo;ont rien donn\u00e9.<strong>: L&rsquo;alerte a \u00e9t\u00e9 lev\u00e9e et la Tour Eiffel rouverte au public, sans qu&rsquo;aucun engin explosif ne soit d\u00e9couvert. La derni\u00e8re alerte \u00e0 la bombe qui avait entra\u00een\u00e9 une \u00e9vacuation de la tour, pendant deux heures, remontait \u00e0 septembre 2020, sur la base d&rsquo;un appel anonyme \u00e0 la police.\u00a0<\/strong>A l&rsquo;\u00e9poque, \u00ab\u00a0un homme avait appel\u00e9, cri\u00e9 \u00ab\u00a0Allah Akbar\u00a0\u00bb et d\u00e9clar\u00e9 qu&rsquo;il allait \u00ab\u00a0tout faire p\u00e9ter\u00a0\u00bb \u00e0 la Tour Eiffel\u00a0\u00bb, avait indiqu\u00e9 en 2020 la source polici\u00e8re..<\/p>\n\n\n\n<p><strong>Les trois \u00e9tages de la tour Eiffel ont \u00e9t\u00e9 \u00e9vacu\u00e9s ce samedi en d\u00e9but d&rsquo;apr\u00e8s-midi. Les d\u00e9mineurs de la police se sont rendus sur place suite \u00e0 une alerte, a appris l&rsquo;AFP aupr\u00e8s de la Soci\u00e9t\u00e9 d&rsquo;exploitation du monument (Sete), confirmant une information de BFMTV.<\/strong><\/p>\n\n\n\n<p>\u00abLa police est sur place, le d\u00e9minage est sur place\u00bb, a affirm\u00e9 une porte-parole de la Sete, ajoutant que \u00abc&rsquo;est une proc\u00e9dure habituelle dans ce genre de situation, qui est rare n\u00e9anmoins\u00bb.<\/p>\n\n\n\n<p>L&rsquo;\u00e9vacuation, qui a commenc\u00e9 aux alentours de midi, concerne les trois \u00e9tages du monument, y compris le restaurant de la tour, ainsi que le parvis, a ajout\u00e9 cette porte-parole. Peu apr\u00e8s 13h30, tous les visiteurs avaient \u00e9t\u00e9 \u00e9vacu\u00e9s.<\/p>\n","protected":false},"excerpt":{"rendered":"<p>La tour Eiffel\u00a0 a \u00e9t\u00e9 \u00e9vacu\u00e9e pour la seconde fois samedi soir, suite \u00e0 une nouvelle alerte \u00e0 la bombe vers 19h30\u00a0selon\u00a0le site d&rsquo;information Actu 17. \u00ab\u00a0Cette deuxi\u00e8me alerte n&rsquo;est pas venue du m\u00eame endroit du monde que la premi\u00e8re\u00a0\u00bb, confie une source proche de l&rsquo;affaire. Un p\u00e9rim\u00e8tre de s\u00e9curit\u00e9 a \u00e9t\u00e9 mis en place [&hellip;]<\/p>\n","protected":false},"author":2,"featured_media":25502,"comment_status":"open","ping_status":"open","sticky":false,"template":"","format":"standard","meta":{"_jetpack_memberships_contains_paid_content":false,"footnotes":"","jetpack_publicize_message":"","jetpack_publicize_feature_enabled":true,"jetpack_social_post_already_shared":true,"jetpack_social_options":{"image_generator_settings":{"template":"highway","default_image_id":0,"font":"","enabled":false},"version":2},"_wpas_customize_per_network":false},"categories":[405],"tags":[],"class_list":["post-25501","post","type-post","status-publish","format-standard","has-post-thumbnail","hentry","category-actu-france-monde"],"jetpack_publicize_connections":[],"jetpack_featured_media_url":"https:\/\/i0.wp.com\/www.iceagetv.com\/radiosite\/wp-content\/uploads\/2023\/08\/La-tour-Eiffel-a-ete-evacuee-pour-la-seconde-fois-hier-soir.jpg?fit=679%2C293&ssl=1","jetpack_sharing_enabled":true,"_links":{"self":[{"href":"https:\/\/www.iceagetv.com\/radiosite\/wp-json\/wp\/v2\/posts\/25501","targetHints":{"allow":["GET"]}}],"collection":[{"href":"https:\/\/www.iceagetv.com\/radiosite\/wp-json\/wp\/v2\/posts"}],"about":[{"href":"https:\/\/www.iceagetv.com\/radiosite\/wp-json\/wp\/v2\/types\/post"}],"author":[{"embeddable":true,"href":"https:\/\/www.iceagetv.com\/radiosite\/wp-json\/wp\/v2\/users\/2"}],"replies":[{"embeddable":true,"href":"https:\/\/www.iceagetv.com\/radiosite\/wp-json\/wp\/v2\/comments?post=25501"}],"version-history":[{"count":1,"href":"https:\/\/www.iceagetv.com\/radiosite\/wp-json\/wp\/v2\/posts\/25501\/revisions"}],"predecessor-version":[{"id":25503,"href":"https:\/\/www.iceagetv.com\/radiosite\/wp-json\/wp\/v2\/posts\/25501\/revisions\/25503"}],"wp:featuredmedia":[{"embeddable":true,"href":"https:\/\/www.iceagetv.com\/radiosite\/wp-json\/wp\/v2\/media\/25502"}],"wp:attachment":[{"href":"https:\/\/www.iceagetv.com\/radiosite\/wp-json\/wp\/v2\/media?parent=25501"}],"wp:term":[{"taxonomy":"category","embeddable":true,"href":"https:\/\/www.iceagetv.com\/radiosite\/wp-json\/wp\/v2\/categories?post=25501"},{"taxonomy":"post_tag","embeddable":true,"href":"https:\/\/www.iceagetv.com\/radiosite\/wp-json\/wp\/v2\/tags?post=25501"}],"curies":[{"name":"wp","href":"https:\/\/api.w.org\/{rel}","templated":true}]}}