{"id":25510,"date":"2023-08-16T07:15:02","date_gmt":"2023-08-16T07:15:02","guid":{"rendered":"https:\/\/www.iceagetv.com\/radiosite\/?p=25510"},"modified":"2023-08-16T07:15:02","modified_gmt":"2023-08-16T07:15:02","slug":"deces-de-gerard-leclerc-les-dernieres-informations-de-la-nuit-sur-les-circonstances-de-laccident-davion-que-pilotait-le-journaliste-et-qui-a-coute-la-vie-a-trois-personnes","status":"publish","type":"post","link":"https:\/\/www.iceagetv.com\/radiosite\/deces-de-gerard-leclerc-les-dernieres-informations-de-la-nuit-sur-les-circonstances-de-laccident-davion-que-pilotait-le-journaliste-et-qui-a-coute-la-vie-a-trois-personnes\/","title":{"rendered":"D\u00e9c\u00e8s de G\u00e9rard Leclerc : Les derni\u00e8res informations de la nuit sur les circonstances de l&rsquo;accident d&rsquo;avion que pilotait le journaliste et qui a cout\u00e9 la vie \u00e0 trois personnes"},"content":{"rendered":"\n<p>Un petit avion de tourisme \u00e0 bord duquel se trouvaient deux ou trois personnes, dont le journaliste de t\u00e9l\u00e9vision G\u00e9rard Leclerc, s&rsquo;est \u00e9cras\u00e9 mardi \u00e0 Lavau-sur-Loire (Loire-Atlantique), a-t-on appris aupr\u00e8s du parquet et de sources proches du dossier.<\/p>\n\n\n\n<p>Selon un communiqu\u00e9 diffus\u00e9 dans la nuit de mardi \u00e0 mercredi par le parquet de Saint-Nazaire, l&rsquo;avion Robin DR 400 avait d\u00e9coll\u00e9 mardi \u00e0 11h07 de l&rsquo;a\u00e9rodrome de Loudun (Vienne) \u00e0 destination de La Baule (Loire-Atlantique). \u00ab\u00a0A son bord, se trouvaient un pilote et un ou deux passagers, cette information restant \u00e0 confirmer\u00a0\u00bb, ajoute le communiqu\u00e9, qui ne confirme aucune identit\u00e9.<\/p>\n\n\n\n<p>Selon des sources proches du dossier, c&rsquo;est G\u00e9rard Leclerc qui pilotait l&rsquo;avion, comme l&rsquo;a dit lui aussi \u00e0 des m\u00e9dias locaux le pr\u00e9sident de l&rsquo;a\u00e9roclub de Loudun. La fille de l&rsquo;ancien ministre et pr\u00e9sident du S\u00e9nat Ren\u00e9 Monory ainsi qu&rsquo;une amie de celle-ci se trouvaient \u00e9galement \u00e0 bord, a indiqu\u00e9 \u00e0 l&rsquo;AFP l&rsquo;une de ces sources proches du dossier.<\/p>\n\n\n\n<p>A 11h37, le pilote de l&rsquo;avion avait annonc\u00e9 \u00e0 la tour de contr\u00f4le de l&rsquo;a\u00e9roport de Nantes qu&rsquo;il entrait dans l&rsquo;espace a\u00e9rien de Saint-Nazaire mais il ne s&rsquo;est jamais annonc\u00e9 aupr\u00e8s des autorit\u00e9s de cette derni\u00e8re, relate le parquet. \u00ab\u00a0Il n&rsquo;a \u00e9mis aucun message de d\u00e9tresse.<\/p>\n\n\n\n<p>Les donn\u00e9es de vol disponibles permettent de suivre la trajectoire de vol jusqu&rsquo;\u00e0 11h42, heure \u00e0 laquelle il a disparu des radars. Il \u00e9tait alors localis\u00e9 \u00e0 proximit\u00e9 de Lavau-sur-Loire\u00a0\u00bb, poursuit le communiqu\u00e9. \u00ab\u00a0Tr\u00e8s rapidement, l&rsquo;alerte a \u00e9t\u00e9 donn\u00e9e et les secours d\u00e9clench\u00e9s\u00a0\u00bb, avec la mise en oeuvre d&rsquo;un plan SATER (sauvetage a\u00e9ro-terrestre).<\/p>\n\n\n\n<p>Les premiers d\u00e9bris d&rsquo;avion ont \u00e9t\u00e9 \u00ab\u00a0rep\u00e9r\u00e9s dans les canaux, notamment une roue et un morceau d&rsquo;immatriculation. A l&rsquo;heure actuelle et malgr\u00e9 les recherches, aucun corps n&rsquo;a \u00e9t\u00e9 retrouv\u00e9\u00a0\u00bb, indique le parquet de Saint-Nazaire.<\/p>\n\n\n\n<p>\u00ab\u00a0Ces recherches sont rendues particuli\u00e8rement difficiles car l&rsquo;avion \u00e9tait immerg\u00e9 \u00e0 plusieurs m\u00e8tres dans une zone soumise \u00e0 tr\u00e8s forts courants, et dans laquelle la visibilit\u00e9 pour les plongeurs est quasi-nulle\u00a0\u00bb, explique-t-il. Selon une source proche du dossier, deux corps ont \u00e9t\u00e9 localis\u00e9s dans l&rsquo;\u00e9pave mais n&rsquo;ont pu \u00eatre d\u00e9gag\u00e9s. A ce stade deux enqu\u00eates sont ouvertes: l&rsquo;une judiciaire, confi\u00e9e \u00e0 la brigade des transports a\u00e9riens et au groupement de gendarmerie de Loire-Atlantique, et une enqu\u00eate technique diligent\u00e9e par le Bureau d&rsquo;Enqu\u00eates et d&rsquo;Analyses (BEA).<\/p>\n\n\n\n<p>\u00ab\u00a0C&rsquo;est avec une infinie tristesse que nous avons appris le d\u00e9c\u00e8s de G\u00e9rard Leclerc, \u00e9ditorialiste embl\u00e9matique de @CNEWS\u00a0\u00bb, a \u00e9crit sur X G\u00e9rald-Brice Viret, directeur g\u00e9n\u00e9ral de Canal+ charg\u00e9 des antennes et programmes du groupe, auquel appartient la cha\u00eene CNews.<\/p>\n\n\n\n<p>Figure de la t\u00e9l\u00e9vision, demi-fr\u00e8re du chanteur Julien Clerc, G\u00e9rard Leclerc avait d\u00e9marr\u00e9 sa carri\u00e8re de journaliste \u00e0 la radio, sur Europe 1 (1978-85) puis RMC (1985) avant de passer trois d\u00e9cennies dans le service public, dont pr\u00e8s de vingt ans sur le deuxi\u00e8me cha\u00eene. Il \u00e9tait alors devenu l&rsquo;un des visages c\u00e9l\u00e8bres d&rsquo;Antenne 2, puis France 2, tour \u00e0 tour chef du service \u00e9conomique et social, \u00e9ditorialiste, envoy\u00e9 sp\u00e9cial, r\u00e9dacteur en chef de l&rsquo;\u00e9mission T\u00e9l\u00e9matin et du service politique, directeur adjoint de la r\u00e9daction&#8230;<\/p>\n\n\n\n<p>G\u00e9rard Leclerc \u00e9tait ensuite devenu r\u00e9dacteur en chef du service politique, \u00e9conomique et social \u00e0 France 3 (2007-09) avant d&rsquo;\u00eatre nomm\u00e9 pr\u00e9sident de La Cha\u00eene parlementaire-Assembl\u00e9e nationale (LCP-AN) (2009-15). Il \u00e9tait depuis 2017 \u00e9ditorialiste sur CNews.<\/p>\n\n\n\n<p>Le journaliste \u00e9tait mari\u00e9 \u00e0 Julie Leclerc (Chantal S\u00e9loron \u00e0 la ville), voix historique d&rsquo;Europe 1 pendant pr\u00e8s de 50 ans, avec laquelle il a eu trois enfants.&nbsp;<\/p>\n","protected":false},"excerpt":{"rendered":"<p>Un petit avion de tourisme \u00e0 bord duquel se trouvaient deux ou trois personnes, dont le journaliste de t\u00e9l\u00e9vision G\u00e9rard Leclerc, s&rsquo;est \u00e9cras\u00e9 mardi \u00e0 Lavau-sur-Loire (Loire-Atlantique), a-t-on appris aupr\u00e8s du parquet et de sources proches du dossier. Selon un communiqu\u00e9 diffus\u00e9 dans la nuit de mardi \u00e0 mercredi par le parquet de Saint-Nazaire, l&rsquo;avion [&hellip;]<\/p>\n","protected":false},"author":2,"featured_media":25511,"comment_status":"open","ping_status":"open","sticky":false,"template":"","format":"standard","meta":{"_jetpack_memberships_contains_paid_content":false,"footnotes":"","jetpack_publicize_message":"","jetpack_publicize_feature_enabled":true,"jetpack_social_post_already_shared":true,"jetpack_social_options":{"image_generator_settings":{"template":"highway","default_image_id":0,"font":"","enabled":false},"version":2},"_wpas_customize_per_network":false},"categories":[405],"tags":[],"class_list":["post-25510","post","type-post","status-publish","format-standard","has-post-thumbnail","hentry","category-actu-france-monde"],"jetpack_publicize_connections":[],"jetpack_featured_media_url":"https:\/\/i0.wp.com\/www.iceagetv.com\/radiosite\/wp-content\/uploads\/2023\/08\/Deces-de-Gerard-Leclerc.jpg?fit=679%2C293&ssl=1","jetpack_sharing_enabled":true,"_links":{"self":[{"href":"https:\/\/www.iceagetv.com\/radiosite\/wp-json\/wp\/v2\/posts\/25510","targetHints":{"allow":["GET"]}}],"collection":[{"href":"https:\/\/www.iceagetv.com\/radiosite\/wp-json\/wp\/v2\/posts"}],"about":[{"href":"https:\/\/www.iceagetv.com\/radiosite\/wp-json\/wp\/v2\/types\/post"}],"author":[{"embeddable":true,"href":"https:\/\/www.iceagetv.com\/radiosite\/wp-json\/wp\/v2\/users\/2"}],"replies":[{"embeddable":true,"href":"https:\/\/www.iceagetv.com\/radiosite\/wp-json\/wp\/v2\/comments?post=25510"}],"version-history":[{"count":1,"href":"https:\/\/www.iceagetv.com\/radiosite\/wp-json\/wp\/v2\/posts\/25510\/revisions"}],"predecessor-version":[{"id":25512,"href":"https:\/\/www.iceagetv.com\/radiosite\/wp-json\/wp\/v2\/posts\/25510\/revisions\/25512"}],"wp:featuredmedia":[{"embeddable":true,"href":"https:\/\/www.iceagetv.com\/radiosite\/wp-json\/wp\/v2\/media\/25511"}],"wp:attachment":[{"href":"https:\/\/www.iceagetv.com\/radiosite\/wp-json\/wp\/v2\/media?parent=25510"}],"wp:term":[{"taxonomy":"category","embeddable":true,"href":"https:\/\/www.iceagetv.com\/radiosite\/wp-json\/wp\/v2\/categories?post=25510"},{"taxonomy":"post_tag","embeddable":true,"href":"https:\/\/www.iceagetv.com\/radiosite\/wp-json\/wp\/v2\/tags?post=25510"}],"curies":[{"name":"wp","href":"https:\/\/api.w.org\/{rel}","templated":true}]}}