{"id":25523,"date":"2023-08-21T16:37:38","date_gmt":"2023-08-21T16:37:38","guid":{"rendered":"https:\/\/www.iceagetv.com\/radiosite\/?p=25523"},"modified":"2023-08-21T16:37:38","modified_gmt":"2023-08-21T16:37:38","slug":"evolution-importante-dans-la-disparition-du-petit-emile-lenquete-est-desormais-elargie-a-des-faits-denlevement-et-sequestration","status":"publish","type":"post","link":"https:\/\/www.iceagetv.com\/radiosite\/evolution-importante-dans-la-disparition-du-petit-emile-lenquete-est-desormais-elargie-a-des-faits-denlevement-et-sequestration\/","title":{"rendered":"Evolution importante dans la disparition du petit Emile: L&rsquo;enqu\u00eate est d\u00e9sormais \u00e9largie \u00e0 des faits \u00ab\u00a0d&rsquo;enl\u00e8vement et s\u00e9questration\u00a0\u00bb"},"content":{"rendered":"\n<p>C&rsquo;est une \u00e9volution importante dans la disparition du petit Emile. Selon&nbsp;<a href=\"https:\/\/www.leparisien.fr\/faits-divers\/enlevement-sequestration-la-disparition-demile-desormais-traitee-comme-une-affaire-criminelle-21-08-2023-74YS3CIS6NGTHBAKUW7NAZD6G4.php?ts=1692617899678\" target=\"_blank\" rel=\"noreferrer noopener\">Le Parisien<\/a>, le 28 juillet dernier, le cadre juridique de l&rsquo;affaire a \u00e9volu\u00e9 : il est d\u00e9sormais \u00e9largi \u00e0 des faits \u00ab\u00a0d\u2019enl\u00e8vement, arrestation, d\u00e9tention, et s\u00e9questration arbitraires sur mineur de quinze ans\u00a0\u00bb.<\/p>\n\n\n\n<p>A nos confr\u00e8res, le procureur de la R\u00e9publique d\u2019Aix-en-Provence, Jean-Luc Blachon, s&rsquo;explique et indique que \u00ab\u00a0ce changement n\u2019est pas intervenu en r\u00e9action \u00e0 une avanc\u00e9e particuli\u00e8re de l\u2019enqu\u00eate qui nous orienterait plus particuli\u00e8rement vers une hypoth\u00e8se criminelle\u00a0\u00bb.<\/p>\n\n\n\n<p>\u00ab\u00a0Il permet simplement aux magistrats instructeurs et aux services d\u2019enqu\u00eate (les gendarmes de la section de recherches de Marseille) de r\u00e9aliser des actes d\u2019enqu\u00eate que ne permettait pas le cadre initial\u00a0\u00bb, ajoute-t-il au Parisien.<\/p>\n\n\n\n<p>Le 8 juillet dernier, Emile, 2 ans et demi, qui \u00e9tait gard\u00e9 par ses grands-parents dans leur maison du Vernet, disparaissait. Le petit gar\u00e7on jouait dans le jardin de la maison de ses grands-parents, dans ce village de 125 habitants, quand il a disparu vers 18h00, dans un secteur escarp\u00e9.<\/p>\n\n\n\n<p>Les grands-parents r\u00e9sident pr\u00e9cis\u00e9ment dans le hameau du Haut-Vernet, 25 habitants, \u00e0 plus d&rsquo;un kilom\u00e8tre du village lui m\u00eame. Depuis sa disparition, aucune garde \u00e0 vue n&rsquo;a eu lieu dans cette affaire. Pendant plusieurs jours, de nombreux moyens &#8211; humains, chiens, drones &#8211; pour retrouver le petit gar\u00e7on ont \u00e9t\u00e9 mis en place. Pour l&rsquo;heure, il est toujours introuvable.<\/p>\n","protected":false},"excerpt":{"rendered":"<p>C&rsquo;est une \u00e9volution importante dans la disparition du petit Emile. Selon&nbsp;Le Parisien, le 28 juillet dernier, le cadre juridique de l&rsquo;affaire a \u00e9volu\u00e9 : il est d\u00e9sormais \u00e9largi \u00e0 des faits \u00ab\u00a0d\u2019enl\u00e8vement, arrestation, d\u00e9tention, et s\u00e9questration arbitraires sur mineur de quinze ans\u00a0\u00bb. A nos confr\u00e8res, le procureur de la R\u00e9publique d\u2019Aix-en-Provence, Jean-Luc Blachon, s&rsquo;explique et [&hellip;]<\/p>\n","protected":false},"author":2,"featured_media":25524,"comment_status":"open","ping_status":"open","sticky":false,"template":"","format":"standard","meta":{"_jetpack_memberships_contains_paid_content":false,"footnotes":"","jetpack_publicize_message":"","jetpack_publicize_feature_enabled":true,"jetpack_social_post_already_shared":true,"jetpack_social_options":{"image_generator_settings":{"template":"highway","default_image_id":0,"font":"","enabled":false},"version":2},"_wpas_customize_per_network":false},"categories":[405],"tags":[],"class_list":["post-25523","post","type-post","status-publish","format-standard","has-post-thumbnail","hentry","category-actu-france-monde"],"jetpack_publicize_connections":[],"jetpack_featured_media_url":"https:\/\/i0.wp.com\/www.iceagetv.com\/radiosite\/wp-content\/uploads\/2023\/08\/Evolution-importante-dans-la-disparition-du-petit-Emile.jpg?fit=679%2C293&ssl=1","jetpack_sharing_enabled":true,"_links":{"self":[{"href":"https:\/\/www.iceagetv.com\/radiosite\/wp-json\/wp\/v2\/posts\/25523","targetHints":{"allow":["GET"]}}],"collection":[{"href":"https:\/\/www.iceagetv.com\/radiosite\/wp-json\/wp\/v2\/posts"}],"about":[{"href":"https:\/\/www.iceagetv.com\/radiosite\/wp-json\/wp\/v2\/types\/post"}],"author":[{"embeddable":true,"href":"https:\/\/www.iceagetv.com\/radiosite\/wp-json\/wp\/v2\/users\/2"}],"replies":[{"embeddable":true,"href":"https:\/\/www.iceagetv.com\/radiosite\/wp-json\/wp\/v2\/comments?post=25523"}],"version-history":[{"count":1,"href":"https:\/\/www.iceagetv.com\/radiosite\/wp-json\/wp\/v2\/posts\/25523\/revisions"}],"predecessor-version":[{"id":25525,"href":"https:\/\/www.iceagetv.com\/radiosite\/wp-json\/wp\/v2\/posts\/25523\/revisions\/25525"}],"wp:featuredmedia":[{"embeddable":true,"href":"https:\/\/www.iceagetv.com\/radiosite\/wp-json\/wp\/v2\/media\/25524"}],"wp:attachment":[{"href":"https:\/\/www.iceagetv.com\/radiosite\/wp-json\/wp\/v2\/media?parent=25523"}],"wp:term":[{"taxonomy":"category","embeddable":true,"href":"https:\/\/www.iceagetv.com\/radiosite\/wp-json\/wp\/v2\/categories?post=25523"},{"taxonomy":"post_tag","embeddable":true,"href":"https:\/\/www.iceagetv.com\/radiosite\/wp-json\/wp\/v2\/tags?post=25523"}],"curies":[{"name":"wp","href":"https:\/\/api.w.org\/{rel}","templated":true}]}}