{"id":25529,"date":"2023-08-21T16:41:48","date_gmt":"2023-08-21T16:41:48","guid":{"rendered":"https:\/\/www.iceagetv.com\/radiosite\/?p=25529"},"modified":"2023-08-21T16:41:48","modified_gmt":"2023-08-21T16:41:48","slug":"en-reflux-depuis-la-mi-juin-la-secheresse-est-descendue-debut-aout-a-son-plus-bas-niveau-depuis-debut-2022-en-europe-et-sur-tout-le-littoral-mediterraneen-selon-les-donnees-de-leuropean-drought-ob","status":"publish","type":"post","link":"https:\/\/www.iceagetv.com\/radiosite\/en-reflux-depuis-la-mi-juin-la-secheresse-est-descendue-debut-aout-a-son-plus-bas-niveau-depuis-debut-2022-en-europe-et-sur-tout-le-littoral-mediterraneen-selon-les-donnees-de-leuropean-drought-ob\/","title":{"rendered":"En reflux depuis la mi-juin, la s\u00e9cheresse est descendue d\u00e9but ao\u00fbt \u00e0 son plus bas niveau depuis d\u00e9but 2022 en Europe et sur tout le littoral m\u00e9diterran\u00e9en, selon les donn\u00e9es de l&rsquo;European Drought Observatory"},"content":{"rendered":"\n<p>En reflux depuis la mi-juin, la s\u00e9cheresse est descendue d\u00e9but ao\u00fbt \u00e0 son plus bas niveau depuis d\u00e9but 2022 en Europe et sur tout le littoral m\u00e9diterran\u00e9en, selon les donn\u00e9es les plus r\u00e9centes de l&rsquo;European Drought Observatory (EDO) analys\u00e9es par l&rsquo;AFP. Du 1er au 10 ao\u00fbt, la s\u00e9cheresse des sols concernait 28% du territoire europ\u00e9en et des c\u00f4tes proche-orientales et africaines de la M\u00e9diterran\u00e9e, \u00e0 son plus bas niveau depuis janvier 2022.<\/p>\n\n\n\n<p>L&rsquo;ann\u00e9e derni\u00e8re \u00e0 la m\u00eame \u00e9poque, la s\u00e9cheresse \u00e9tait deux fois plus \u00e9tendue (55,8%). L&rsquo;indicateur europ\u00e9en, actualis\u00e9 tous les dix jours environ, se fonde sur les anomalies des pr\u00e9cipitations, de l&rsquo;humidit\u00e9 des sols et de l&rsquo;\u00e9tat de la v\u00e9g\u00e9tation, selon les r\u00e9gions et les types de climat. En revanche, il ne prend pas en compte le niveau des nappes phr\u00e9atiques, qui restent par exemple en France \u00e0 un niveau anormalement bas.<\/p>\n\n\n\n<p>Si la s\u00e9cheresse des sols est moins forte cette ann\u00e9e, apr\u00e8s une ann\u00e9e 2022 extr\u00eamement aride, les donn\u00e9es r\u00e9centes demeurent exceptionnelles. La proportion de terres touch\u00e9es par la s\u00e9cheresse n&rsquo;est tomb\u00e9e que tr\u00e8s rarement sous la barre des 30% depuis le printemps 2021.<\/p>\n\n\n\n<p>Entre 2012, d\u00e9but des mesures de l&rsquo;EDO, et 2018, il \u00e9tait tr\u00e8s rare qu&rsquo;elle atteigne ce seuil. D\u00e9but ao\u00fbt, les pays d&rsquo;Europe centrale, qui \u00e9taient tr\u00e8s affect\u00e9s au d\u00e9but de l&rsquo;\u00e9t\u00e9, sortaient progressivement de leur \u00e9pisode de s\u00e9cheresse, avec 26% de terres concern\u00e9es en Allemagne (contre 96% au pic) et 67% en Pologne (contre 95%). M\u00eame tendance en France, o\u00f9 21% des terres \u00e9taient touch\u00e9es d\u00e9but ao\u00fbt, contre 64% d\u00e9but juin.<\/p>\n\n\n\n<p>Au d\u00e9but du mois, les pays les plus touch\u00e9s \u00e9taient la Lituanie (84%), l&rsquo;Arm\u00e9nie et l&rsquo;Islande (82%), et l&rsquo;Estonie (76%).<\/p>\n","protected":false},"excerpt":{"rendered":"<p>En reflux depuis la mi-juin, la s\u00e9cheresse est descendue d\u00e9but ao\u00fbt \u00e0 son plus bas niveau depuis d\u00e9but 2022 en Europe et sur tout le littoral m\u00e9diterran\u00e9en, selon les donn\u00e9es les plus r\u00e9centes de l&rsquo;European Drought Observatory (EDO) analys\u00e9es par l&rsquo;AFP. Du 1er au 10 ao\u00fbt, la s\u00e9cheresse des sols concernait 28% du territoire europ\u00e9en [&hellip;]<\/p>\n","protected":false},"author":2,"featured_media":25530,"comment_status":"open","ping_status":"open","sticky":false,"template":"","format":"standard","meta":{"_jetpack_memberships_contains_paid_content":false,"footnotes":"","jetpack_publicize_message":"","jetpack_publicize_feature_enabled":true,"jetpack_social_post_already_shared":true,"jetpack_social_options":{"image_generator_settings":{"template":"highway","default_image_id":0,"font":"","enabled":false},"version":2},"_wpas_customize_per_network":false},"categories":[14],"tags":[],"class_list":["post-25529","post","type-post","status-publish","format-standard","has-post-thumbnail","hentry","category-actu-meteo"],"jetpack_publicize_connections":[],"jetpack_featured_media_url":"https:\/\/i0.wp.com\/www.iceagetv.com\/radiosite\/wp-content\/uploads\/2023\/08\/la-secheresse-est-descendue-debut-aout-a-son-plus-bas-niveau.jpg?fit=679%2C293&ssl=1","jetpack_sharing_enabled":true,"_links":{"self":[{"href":"https:\/\/www.iceagetv.com\/radiosite\/wp-json\/wp\/v2\/posts\/25529","targetHints":{"allow":["GET"]}}],"collection":[{"href":"https:\/\/www.iceagetv.com\/radiosite\/wp-json\/wp\/v2\/posts"}],"about":[{"href":"https:\/\/www.iceagetv.com\/radiosite\/wp-json\/wp\/v2\/types\/post"}],"author":[{"embeddable":true,"href":"https:\/\/www.iceagetv.com\/radiosite\/wp-json\/wp\/v2\/users\/2"}],"replies":[{"embeddable":true,"href":"https:\/\/www.iceagetv.com\/radiosite\/wp-json\/wp\/v2\/comments?post=25529"}],"version-history":[{"count":1,"href":"https:\/\/www.iceagetv.com\/radiosite\/wp-json\/wp\/v2\/posts\/25529\/revisions"}],"predecessor-version":[{"id":25531,"href":"https:\/\/www.iceagetv.com\/radiosite\/wp-json\/wp\/v2\/posts\/25529\/revisions\/25531"}],"wp:featuredmedia":[{"embeddable":true,"href":"https:\/\/www.iceagetv.com\/radiosite\/wp-json\/wp\/v2\/media\/25530"}],"wp:attachment":[{"href":"https:\/\/www.iceagetv.com\/radiosite\/wp-json\/wp\/v2\/media?parent=25529"}],"wp:term":[{"taxonomy":"category","embeddable":true,"href":"https:\/\/www.iceagetv.com\/radiosite\/wp-json\/wp\/v2\/categories?post=25529"},{"taxonomy":"post_tag","embeddable":true,"href":"https:\/\/www.iceagetv.com\/radiosite\/wp-json\/wp\/v2\/tags?post=25529"}],"curies":[{"name":"wp","href":"https:\/\/api.w.org\/{rel}","templated":true}]}}