{"id":25545,"date":"2023-08-25T08:29:08","date_gmt":"2023-08-25T08:29:08","guid":{"rendered":"https:\/\/www.iceagetv.com\/radiosite\/?p=25545"},"modified":"2023-08-25T08:29:08","modified_gmt":"2023-08-25T08:29:08","slug":"usa-decouvrez-la-photo-didentite-judiciaire-historique-de-donald-trump-que-lancien-president-a-lui-meme-publiee-cette-nuit-avec-ces-mots-ne-vous-rendez-jamais","status":"publish","type":"post","link":"https:\/\/www.iceagetv.com\/radiosite\/usa-decouvrez-la-photo-didentite-judiciaire-historique-de-donald-trump-que-lancien-president-a-lui-meme-publiee-cette-nuit-avec-ces-mots-ne-vous-rendez-jamais\/","title":{"rendered":"USA : D\u00e9couvrez la photo d&rsquo;identit\u00e9 judiciaire historique de Donald Trump que l&rsquo;ancien Pr\u00e9sident a lui m\u00eame publi\u00e9e cette nuit avec ces mots : \u00ab\u00a0Ne vous rendez jamais\u00a0"},"content":{"rendered":"\n<p>Historique ! C&rsquo;est le mot qui revient en boucle ce matin&#8230;&nbsp; Donald Trump a post\u00e9 cette nuit sur X (anciennement Twitter) sa photo d\u2019identit\u00e9 judiciaire historique, prise dans une prison d\u2019Atlanta. Il a publi\u00e9 le clich\u00e9, accompagn\u00e9 du message \u00ab Ne vous rendez jamais ! \u00bb. Le visage ferm\u00e9, la t\u00eate l\u00e9g\u00e8rement baiss\u00e9e, c&rsquo;est la premi\u00e8re fois que ce que l&rsquo;on appelle un \u00ab\u00a0mugshot\u00a0\u00bb d&rsquo;un ancien pr\u00e9sident des USA est faite !&nbsp;<\/p>\n\n\n\n<p>Donald Trump est arriv\u00e9 jeudi \u00e0 une prison d&rsquo;Atlanta pour se rendre aux autorit\u00e9s de l&rsquo;\u00c9tat am\u00e9ricain de G\u00e9orgie, qui l&rsquo;ont inculp\u00e9 de tentative de manipulation de la pr\u00e9sidentielle de 2020. Selon un document du bureau du sh\u00e9rif, l&rsquo;ancien locataire de la Maison Blanche a \u00e9t\u00e9 bri\u00e8vement plac\u00e9 en \u00e9tat d&rsquo;arrestation.&nbsp;<\/p>\n\n\n\n<p>Lib\u00e9r\u00e9 gr\u00e2ce au paiement d&rsquo;une caution de 200.000 dollars, le favori des primaires r\u00e9publicaines pour la pr\u00e9sidentielle de 2024 a rapidement quitt\u00e9 les lieux dans un convoi motoris\u00e9 plac\u00e9 sous haute s\u00e9curit\u00e9.<\/p>\n\n\n\n<p>Donald Trump est accus\u00e9 d\u2019avoir organis\u00e9 une vaste conspiration avec dix-huit autres personnes pour manipuler le r\u00e9sultat du scrutin pr\u00e9sidentiel de novembre 2020 en G\u00e9orgie. Des accusations que l\u2019int\u00e9ress\u00e9 rejette cat\u00e9goriquement. Contrairement \u00e0 d\u2019autres juridictions o\u00f9 l\u2019inculp\u00e9 comparait d\u2019abord devant le tribunal, \u00e0 Fulton, il s\u2019est pr\u00e9sent\u00e9 \u00e0 la prison et l\u2019audience avec le juge est pr\u00e9vue un autre jour.<\/p>\n\n\n\n<p>En vertu de la proc\u00e9dure standard, tout individu \u00e0 son arriv\u00e9e dans cet \u00e9norme b\u00e2timent est scann\u00e9 pour s\u2019assurer qu\u2019il n\u2019est pas arm\u00e9, puis il subit un rapide examen m\u00e9dical au cours duquel on le p\u00e8se. Il donne ensuite ses empreintes digitales et est photographi\u00e9 de face et de profil.<\/p>\n\n\n\n<p>Donald Trump n\u2019a pas fait exception: il est d\u00e9sormais \u00abfich\u00e9\u00bb comme n\u2019importe quel justiciable poursuivi en justice, avec ses caract\u00e9ristiques physiques ainsi d\u00e9taill\u00e9es: 1m90, 98kg, cheveux blonds v\u00e9nitiens. Et le matricule P01135809..<\/p>\n","protected":false},"excerpt":{"rendered":"<p>Historique ! C&rsquo;est le mot qui revient en boucle ce matin&#8230;&nbsp; Donald Trump a post\u00e9 cette nuit sur X (anciennement Twitter) sa photo d\u2019identit\u00e9 judiciaire historique, prise dans une prison d\u2019Atlanta. Il a publi\u00e9 le clich\u00e9, accompagn\u00e9 du message \u00ab Ne vous rendez jamais ! \u00bb. Le visage ferm\u00e9, la t\u00eate l\u00e9g\u00e8rement baiss\u00e9e, c&rsquo;est la [&hellip;]<\/p>\n","protected":false},"author":2,"featured_media":25546,"comment_status":"open","ping_status":"open","sticky":false,"template":"","format":"standard","meta":{"_jetpack_memberships_contains_paid_content":false,"footnotes":"","jetpack_publicize_message":"","jetpack_publicize_feature_enabled":true,"jetpack_social_post_already_shared":true,"jetpack_social_options":{"image_generator_settings":{"template":"highway","default_image_id":0,"font":"","enabled":false},"version":2},"_wpas_customize_per_network":false},"categories":[405],"tags":[],"class_list":["post-25545","post","type-post","status-publish","format-standard","has-post-thumbnail","hentry","category-actu-france-monde"],"jetpack_publicize_connections":[],"jetpack_featured_media_url":"https:\/\/i0.wp.com\/www.iceagetv.com\/radiosite\/wp-content\/uploads\/2023\/08\/Decouvrez-la-photo-didentite-judiciaire-historique-de-Donald-Trump.jpg?fit=679%2C293&ssl=1","jetpack_sharing_enabled":true,"_links":{"self":[{"href":"https:\/\/www.iceagetv.com\/radiosite\/wp-json\/wp\/v2\/posts\/25545","targetHints":{"allow":["GET"]}}],"collection":[{"href":"https:\/\/www.iceagetv.com\/radiosite\/wp-json\/wp\/v2\/posts"}],"about":[{"href":"https:\/\/www.iceagetv.com\/radiosite\/wp-json\/wp\/v2\/types\/post"}],"author":[{"embeddable":true,"href":"https:\/\/www.iceagetv.com\/radiosite\/wp-json\/wp\/v2\/users\/2"}],"replies":[{"embeddable":true,"href":"https:\/\/www.iceagetv.com\/radiosite\/wp-json\/wp\/v2\/comments?post=25545"}],"version-history":[{"count":1,"href":"https:\/\/www.iceagetv.com\/radiosite\/wp-json\/wp\/v2\/posts\/25545\/revisions"}],"predecessor-version":[{"id":25547,"href":"https:\/\/www.iceagetv.com\/radiosite\/wp-json\/wp\/v2\/posts\/25545\/revisions\/25547"}],"wp:featuredmedia":[{"embeddable":true,"href":"https:\/\/www.iceagetv.com\/radiosite\/wp-json\/wp\/v2\/media\/25546"}],"wp:attachment":[{"href":"https:\/\/www.iceagetv.com\/radiosite\/wp-json\/wp\/v2\/media?parent=25545"}],"wp:term":[{"taxonomy":"category","embeddable":true,"href":"https:\/\/www.iceagetv.com\/radiosite\/wp-json\/wp\/v2\/categories?post=25545"},{"taxonomy":"post_tag","embeddable":true,"href":"https:\/\/www.iceagetv.com\/radiosite\/wp-json\/wp\/v2\/tags?post=25545"}],"curies":[{"name":"wp","href":"https:\/\/api.w.org\/{rel}","templated":true}]}}