{"id":25551,"date":"2023-08-25T16:33:12","date_gmt":"2023-08-25T16:33:12","guid":{"rendered":"https:\/\/www.iceagetv.com\/radiosite\/?p=25551"},"modified":"2023-08-25T16:33:12","modified_gmt":"2023-08-25T16:33:12","slug":"canicule-un-record-battu-pour-la-quatrieme-fois-consecutive-la-france-a-connu-sa-journee-la-plus-chaude-apres-un-15-aout","status":"publish","type":"post","link":"https:\/\/www.iceagetv.com\/radiosite\/canicule-un-record-battu-pour-la-quatrieme-fois-consecutive-la-france-a-connu-sa-journee-la-plus-chaude-apres-un-15-aout\/","title":{"rendered":"Canicule : un record battu pour la quatri\u00e8me fois cons\u00e9cutive, la France a connu sa journ\u00e9e la plus chaude apr\u00e8s un 15 ao\u00fbt"},"content":{"rendered":"\n<p>Ce record ne devrait toutefois pas \u00eatre battu ce vendredi 25 ao\u00fbt.<\/p>\n\n\n\n<p>Les journ\u00e9es se suivent et se ressemblent. Pour la quatri\u00e8me fois de la semaine,\u00a0<strong>la France a battu son\u00a0record de la journ\u00e9e la plus chaude jamais enregistr\u00e9e apr\u00e8s un 15 ao\u00fbt<\/strong>, selon les informations publi\u00e9es par M\u00e9t\u00e9o-France et cit\u00e9es par\u00a0<a rel=\"noreferrer noopener\" href=\"https:\/\/www.francetvinfo.fr\/live\/message\/64e\/8bc\/c44\/bfd\/256\/14b\/0ab\/9fc.html\" target=\"_blank\">franceinfo\u00a0<\/a>ce vendredi 25 ao\u00fbt.<\/p>\n\n\n\n<p>L&rsquo;indicateur thermique national s&rsquo;est \u00e9lev\u00e9 \u00e0&nbsp;<strong>27,8\u00b0C en moyenne ce jeudi 24 ao\u00fbt<\/strong>&nbsp;en France m\u00e9tropolitaine et en Corse. Pour rappel, cette donn\u00e9e correspond \u00e0 \u00ab\u00a0<em>la moyenne de&nbsp;mesures quotidiennes de la temp\u00e9rature moyenne de l&rsquo;air dans 30 stations m\u00e9t\u00e9orologiques r\u00e9parties de mani\u00e8re \u00e9quilibr\u00e9e sur le territoire m\u00e9tropolitain<\/em>\u00ab\u00a0, selon la d\u00e9finition de M\u00e9t\u00e9o-France.<\/p>\n\n\n\n<h2 class=\"wp-block-heading\">Des temp\u00e9ratures en baisse<\/h2>\n\n\n\n<p><strong>Cette mesure ne devrait toutefois pas \u00eatre aussi \u00e9lev\u00e9e ce vendredi.<\/strong>\u00a0Les temp\u00e9ratures ont en effet commenc\u00e9 \u00e0 baisser apr\u00e8s neuf jours d&rsquo;une vague de chaleur exceptionnelle qui touche le pays, et notamment la moiti\u00e9 sud.M\u00e9t\u00e9o-France rappelle toutefois dans son bulletin de 16h qu&rsquo;elles \u00ab\u00a0<em>seront encore chaudes pr\u00e8s de la M\u00e9diterran\u00e9e, dans la vall\u00e9e du Rh\u00f4ne et jusqu&rsquo;aux Alpes, avec des valeurs comprises entre 34 et 38 \u00e0 39\u00b0C<\/em>\u00ab\u00a0.<\/p>\n","protected":false},"excerpt":{"rendered":"<p>Ce record ne devrait toutefois pas \u00eatre battu ce vendredi 25 ao\u00fbt. Les journ\u00e9es se suivent et se ressemblent. Pour la quatri\u00e8me fois de la semaine,\u00a0la France a battu son\u00a0record de la journ\u00e9e la plus chaude jamais enregistr\u00e9e apr\u00e8s un 15 ao\u00fbt, selon les informations publi\u00e9es par M\u00e9t\u00e9o-France et cit\u00e9es par\u00a0franceinfo\u00a0ce vendredi 25 ao\u00fbt. L&rsquo;indicateur [&hellip;]<\/p>\n","protected":false},"author":2,"featured_media":25552,"comment_status":"open","ping_status":"open","sticky":false,"template":"","format":"standard","meta":{"_jetpack_memberships_contains_paid_content":false,"footnotes":"","jetpack_publicize_message":"","jetpack_publicize_feature_enabled":true,"jetpack_social_post_already_shared":true,"jetpack_social_options":{"image_generator_settings":{"template":"highway","default_image_id":0,"font":"","enabled":false},"version":2},"_wpas_customize_per_network":false},"categories":[14],"tags":[],"class_list":["post-25551","post","type-post","status-publish","format-standard","has-post-thumbnail","hentry","category-actu-meteo"],"jetpack_publicize_connections":[],"jetpack_featured_media_url":"https:\/\/i0.wp.com\/www.iceagetv.com\/radiosite\/wp-content\/uploads\/2023\/08\/un-record-battu-pour-la-quatrieme-fois-consecutive.jpg?fit=885%2C500&ssl=1","jetpack_sharing_enabled":true,"_links":{"self":[{"href":"https:\/\/www.iceagetv.com\/radiosite\/wp-json\/wp\/v2\/posts\/25551","targetHints":{"allow":["GET"]}}],"collection":[{"href":"https:\/\/www.iceagetv.com\/radiosite\/wp-json\/wp\/v2\/posts"}],"about":[{"href":"https:\/\/www.iceagetv.com\/radiosite\/wp-json\/wp\/v2\/types\/post"}],"author":[{"embeddable":true,"href":"https:\/\/www.iceagetv.com\/radiosite\/wp-json\/wp\/v2\/users\/2"}],"replies":[{"embeddable":true,"href":"https:\/\/www.iceagetv.com\/radiosite\/wp-json\/wp\/v2\/comments?post=25551"}],"version-history":[{"count":1,"href":"https:\/\/www.iceagetv.com\/radiosite\/wp-json\/wp\/v2\/posts\/25551\/revisions"}],"predecessor-version":[{"id":25553,"href":"https:\/\/www.iceagetv.com\/radiosite\/wp-json\/wp\/v2\/posts\/25551\/revisions\/25553"}],"wp:featuredmedia":[{"embeddable":true,"href":"https:\/\/www.iceagetv.com\/radiosite\/wp-json\/wp\/v2\/media\/25552"}],"wp:attachment":[{"href":"https:\/\/www.iceagetv.com\/radiosite\/wp-json\/wp\/v2\/media?parent=25551"}],"wp:term":[{"taxonomy":"category","embeddable":true,"href":"https:\/\/www.iceagetv.com\/radiosite\/wp-json\/wp\/v2\/categories?post=25551"},{"taxonomy":"post_tag","embeddable":true,"href":"https:\/\/www.iceagetv.com\/radiosite\/wp-json\/wp\/v2\/tags?post=25551"}],"curies":[{"name":"wp","href":"https:\/\/api.w.org\/{rel}","templated":true}]}}