{"id":25559,"date":"2023-08-27T07:32:38","date_gmt":"2023-08-27T07:32:38","guid":{"rendered":"https:\/\/www.iceagetv.com\/radiosite\/?p=25559"},"modified":"2023-08-27T07:32:38","modified_gmt":"2023-08-27T07:32:38","slug":"nimes-un-adolescent-blesse-a-larme-blanche-dans-le-centre-ville","status":"publish","type":"post","link":"https:\/\/www.iceagetv.com\/radiosite\/nimes-un-adolescent-blesse-a-larme-blanche-dans-le-centre-ville\/","title":{"rendered":"N\u00eemes : un adolescent bless\u00e9 \u00e0 l&rsquo;arme blanche dans le centre-ville"},"content":{"rendered":"\n<p>Un adolescent a \u00e9t\u00e9 bless\u00e9 \u00e0 l&rsquo;arme blanche samedi 26 ao\u00fbt \u00e0 N\u00eemes (Gard), a appris&nbsp;<a href=\"https:\/\/www.francetvinfo.fr\/faits-divers\/nimes-un-jeune-homme-de-18-ans-tue-par-balle-quartier-pissevin_6022874.html\" target=\"_blank\" rel=\"noreferrer noopener\">France Bleu Gard Loz\u00e8re<\/a>&nbsp;de sources polici\u00e8res. Les faits se sont produits vers 19h15 dans le centre-ville, sur fond de&nbsp;<a href=\"https:\/\/www.francetvinfo.fr\/france\/occitanie\/gard\/nimes\/nimes-canapes-parasols-on-voit-les-dealers-assis-en-hauteur-presque-a-se-moquer-de-nous-denonce-un-directeur-d-association-apres-la-mort-d-un-enfant-de-dix-ans_6020141.html\">trafic de stup\u00e9fiants<\/a>, indiquent ces m\u00eames sources.<\/p>\n\n\n\n<p><\/p>\n\n\n\n<p>Ce jeune \u00e2g\u00e9 de 15 ans a \u00e9t\u00e9 touch\u00e9 \u00e0 la gorge, agress\u00e9 par plusieurs individus, a appris franceinfo de sources polici\u00e8res. Le&nbsp;pronostic vital de la victime n&rsquo;est pas engag\u00e9.&nbsp;Le commissariat de N\u00eemes est saisi de l&rsquo;enqu\u00eate.<\/p>\n\n\n\n<h2 class=\"wp-block-heading\">Des coups de feu dans la nuit&nbsp;<\/h2>\n\n\n\n<p>Par ailleurs, des coups de feu ont \u00e9clat\u00e9 dans la nuit de samedi \u00e0 dimanche, dans le quartier du Mas de Mingue, a appris France Bleu Gard Loz\u00e8re de sources polici\u00e8res. Une rafale a \u00e9t\u00e9 tir\u00e9e vers 2h15 du matin sur l&rsquo;avenue Monseigneur Claverie, dans une zone situ\u00e9e \u00e0 l&rsquo;oppos\u00e9 du quartier Pissevin, o\u00f9&nbsp;<a href=\"https:\/\/www.francetvinfo.fr\/faits-divers\/nimes-ce-que-l-on-sait-de-la-fusillade-qui-a-tue-un-enfant-de-10-ans_6019382.html\">un enfant de 10 ans<\/a>&nbsp;a \u00e9t\u00e9 tu\u00e9 par balle dans la nuit de lundi \u00e0 mardi, tout comme&nbsp;<a href=\"https:\/\/www.francetvinfo.fr\/faits-divers\/nimes-un-jeune-homme-de-18-ans-tue-par-balle-quartier-pissevin_6022874.html\">un jeune de 18 ans<\/a>&nbsp;dans la nuit de mercredi \u00e0 jeudi. Deux personnes sont recherch\u00e9es.<\/p>\n","protected":false},"excerpt":{"rendered":"<p>Un adolescent a \u00e9t\u00e9 bless\u00e9 \u00e0 l&rsquo;arme blanche samedi 26 ao\u00fbt \u00e0 N\u00eemes (Gard), a appris&nbsp;France Bleu Gard Loz\u00e8re&nbsp;de sources polici\u00e8res. Les faits se sont produits vers 19h15 dans le centre-ville, sur fond de&nbsp;trafic de stup\u00e9fiants, indiquent ces m\u00eames sources. Ce jeune \u00e2g\u00e9 de 15 ans a \u00e9t\u00e9 touch\u00e9 \u00e0 la gorge, agress\u00e9 par plusieurs [&hellip;]<\/p>\n","protected":false},"author":2,"featured_media":25560,"comment_status":"open","ping_status":"open","sticky":false,"template":"","format":"standard","meta":{"_jetpack_memberships_contains_paid_content":false,"footnotes":"","jetpack_publicize_message":"","jetpack_publicize_feature_enabled":true,"jetpack_social_post_already_shared":true,"jetpack_social_options":{"image_generator_settings":{"template":"highway","default_image_id":0,"font":"","enabled":false},"version":2},"_wpas_customize_per_network":false},"categories":[405],"tags":[],"class_list":["post-25559","post","type-post","status-publish","format-standard","has-post-thumbnail","hentry","category-actu-france-monde"],"jetpack_publicize_connections":[],"jetpack_featured_media_url":"https:\/\/i0.wp.com\/www.iceagetv.com\/radiosite\/wp-content\/uploads\/2023\/08\/Nimes-un-adolescent-blesse-a-larme-blanche-dans-le-centre-ville.png?fit=1127%2C567&ssl=1","jetpack_sharing_enabled":true,"_links":{"self":[{"href":"https:\/\/www.iceagetv.com\/radiosite\/wp-json\/wp\/v2\/posts\/25559","targetHints":{"allow":["GET"]}}],"collection":[{"href":"https:\/\/www.iceagetv.com\/radiosite\/wp-json\/wp\/v2\/posts"}],"about":[{"href":"https:\/\/www.iceagetv.com\/radiosite\/wp-json\/wp\/v2\/types\/post"}],"author":[{"embeddable":true,"href":"https:\/\/www.iceagetv.com\/radiosite\/wp-json\/wp\/v2\/users\/2"}],"replies":[{"embeddable":true,"href":"https:\/\/www.iceagetv.com\/radiosite\/wp-json\/wp\/v2\/comments?post=25559"}],"version-history":[{"count":1,"href":"https:\/\/www.iceagetv.com\/radiosite\/wp-json\/wp\/v2\/posts\/25559\/revisions"}],"predecessor-version":[{"id":25561,"href":"https:\/\/www.iceagetv.com\/radiosite\/wp-json\/wp\/v2\/posts\/25559\/revisions\/25561"}],"wp:featuredmedia":[{"embeddable":true,"href":"https:\/\/www.iceagetv.com\/radiosite\/wp-json\/wp\/v2\/media\/25560"}],"wp:attachment":[{"href":"https:\/\/www.iceagetv.com\/radiosite\/wp-json\/wp\/v2\/media?parent=25559"}],"wp:term":[{"taxonomy":"category","embeddable":true,"href":"https:\/\/www.iceagetv.com\/radiosite\/wp-json\/wp\/v2\/categories?post=25559"},{"taxonomy":"post_tag","embeddable":true,"href":"https:\/\/www.iceagetv.com\/radiosite\/wp-json\/wp\/v2\/tags?post=25559"}],"curies":[{"name":"wp","href":"https:\/\/api.w.org\/{rel}","templated":true}]}}