{"id":25571,"date":"2023-08-28T05:46:22","date_gmt":"2023-08-28T05:46:22","guid":{"rendered":"https:\/\/www.iceagetv.com\/radiosite\/?p=25571"},"modified":"2023-08-28T05:46:22","modified_gmt":"2023-08-28T05:46:22","slug":"interdiction-de-labaya-a-lecole-colere-du-conseil-francais-du-culte-musulman-ce-nest-pas-une-tenue-religieuse-cest-une-forme-de-mode-nous-sommes-dans-un-pays-de-droit","status":"publish","type":"post","link":"https:\/\/www.iceagetv.com\/radiosite\/interdiction-de-labaya-a-lecole-colere-du-conseil-francais-du-culte-musulman-ce-nest-pas-une-tenue-religieuse-cest-une-forme-de-mode-nous-sommes-dans-un-pays-de-droit\/","title":{"rendered":"Interdiction de l&rsquo;abaya \u00e0 l&rsquo;\u00e9cole &#8211; Col\u00e8re du Conseil Fran\u00e7ais du Culte Musulman : \u00ab\u00a0Ce n&rsquo;est pas une tenue religieuse ! C&rsquo;est une forme de mode. Nous sommes dans un pays de droit"},"content":{"rendered":"\n<p>Invit\u00e9 hier soir du JT de TF1, le ministre de l\u2019Education national, Gabriel Attal, est revenu sur les grandes mesures de la rentr\u00e9e scolaire, qui aura lieu le 4 septembre. Parmi les mesures phares : l\u2019interdiction faites aux jeunes filles de porter l\u2019abaya, ces longues robes traditionnelles. \u00ab On ne pourra plus porter l\u2019abaya \u00e0 l\u2019\u00e9cole \u00bb, a-t-il martel\u00e9 mais cette d\u00e9cision n&rsquo;est pas vraiment appr\u00e9ci\u00e9e par tous.<\/p>\n\n\n\n<p>Au micro de BFMTV, Abdallah Zekri, vice-pr\u00e9sident du Conseil Fran\u00e7ais du Culte Musulman (CFCM), a d\u00e9plor\u00e9 ce choix de l&rsquo;interdiction :<\/p>\n\n\n\n<p>\u00ab\u00a0Je pense que le ministre aurait pu \u00e9changer, demander l&rsquo;avis des responsables religieux. Pour moi, l&rsquo;abaya n&rsquo;est pas une tenue religieuse, c&rsquo;est une forme de mode. Si vous allez dans certains magasins, vous trouvez des abayas. C&rsquo;est une robe longue et ample \u00e0 la fois. \u00c7a n&rsquo;a rien \u00e0 voir avec la religion.<\/p>\n\n\n\n<p>L&rsquo;abaya n&rsquo;a jamais \u00e9t\u00e9 un signe religieux. Il faut qu&rsquo;il y ait un texte. Le ministre parle, il s&rsquo;agite, mais il faut qu&rsquo;il y ait un texte\u00a0\u00bb qui pr\u00e9cisera comment il veut interdire l&rsquo;abaya et ses motivations. Une fois qu&rsquo;on l&rsquo;aura, nous allons lui r\u00e9pondre. Nous sommes dans un pays de droit, il y a la justice, il y a le Conseil d&rsquo;\u00c9tat.\u00a0\u00bb<\/p>\n","protected":false},"excerpt":{"rendered":"<p>Invit\u00e9 hier soir du JT de TF1, le ministre de l\u2019Education national, Gabriel Attal, est revenu sur les grandes mesures de la rentr\u00e9e scolaire, qui aura lieu le 4 septembre. Parmi les mesures phares : l\u2019interdiction faites aux jeunes filles de porter l\u2019abaya, ces longues robes traditionnelles. \u00ab On ne pourra plus porter l\u2019abaya \u00e0 [&hellip;]<\/p>\n","protected":false},"author":2,"featured_media":25572,"comment_status":"open","ping_status":"open","sticky":false,"template":"","format":"standard","meta":{"_jetpack_memberships_contains_paid_content":false,"footnotes":"","jetpack_publicize_message":"","jetpack_publicize_feature_enabled":true,"jetpack_social_post_already_shared":true,"jetpack_social_options":{"image_generator_settings":{"template":"highway","default_image_id":0,"font":"","enabled":false},"version":2},"_wpas_customize_per_network":false},"categories":[405],"tags":[],"class_list":["post-25571","post","type-post","status-publish","format-standard","has-post-thumbnail","hentry","category-actu-france-monde"],"jetpack_publicize_connections":[],"jetpack_featured_media_url":"https:\/\/i0.wp.com\/www.iceagetv.com\/radiosite\/wp-content\/uploads\/2023\/08\/abaya_s_0.jpg?fit=920%2C397&ssl=1","jetpack_sharing_enabled":true,"_links":{"self":[{"href":"https:\/\/www.iceagetv.com\/radiosite\/wp-json\/wp\/v2\/posts\/25571","targetHints":{"allow":["GET"]}}],"collection":[{"href":"https:\/\/www.iceagetv.com\/radiosite\/wp-json\/wp\/v2\/posts"}],"about":[{"href":"https:\/\/www.iceagetv.com\/radiosite\/wp-json\/wp\/v2\/types\/post"}],"author":[{"embeddable":true,"href":"https:\/\/www.iceagetv.com\/radiosite\/wp-json\/wp\/v2\/users\/2"}],"replies":[{"embeddable":true,"href":"https:\/\/www.iceagetv.com\/radiosite\/wp-json\/wp\/v2\/comments?post=25571"}],"version-history":[{"count":1,"href":"https:\/\/www.iceagetv.com\/radiosite\/wp-json\/wp\/v2\/posts\/25571\/revisions"}],"predecessor-version":[{"id":25573,"href":"https:\/\/www.iceagetv.com\/radiosite\/wp-json\/wp\/v2\/posts\/25571\/revisions\/25573"}],"wp:featuredmedia":[{"embeddable":true,"href":"https:\/\/www.iceagetv.com\/radiosite\/wp-json\/wp\/v2\/media\/25572"}],"wp:attachment":[{"href":"https:\/\/www.iceagetv.com\/radiosite\/wp-json\/wp\/v2\/media?parent=25571"}],"wp:term":[{"taxonomy":"category","embeddable":true,"href":"https:\/\/www.iceagetv.com\/radiosite\/wp-json\/wp\/v2\/categories?post=25571"},{"taxonomy":"post_tag","embeddable":true,"href":"https:\/\/www.iceagetv.com\/radiosite\/wp-json\/wp\/v2\/tags?post=25571"}],"curies":[{"name":"wp","href":"https:\/\/api.w.org\/{rel}","templated":true}]}}