{"id":25583,"date":"2023-08-29T11:23:06","date_gmt":"2023-08-29T11:23:06","guid":{"rendered":"https:\/\/www.iceagetv.com\/radiosite\/?p=25583"},"modified":"2023-08-29T11:23:06","modified_gmt":"2023-08-29T11:23:06","slug":"en-irak-mort-du-soldat-francais-nicolas-mazier-dans-une-operation-antiterroriste","status":"publish","type":"post","link":"https:\/\/www.iceagetv.com\/radiosite\/en-irak-mort-du-soldat-francais-nicolas-mazier-dans-une-operation-antiterroriste\/","title":{"rendered":"En Irak, mort du soldat fran\u00e7ais Nicolas Mazier, dans une op\u00e9ration antiterroriste"},"content":{"rendered":"\n<p>&nbsp;Un militaire des forces sp\u00e9ciales fran\u00e7aises, Nicolas Mazier, a \u00e9t\u00e9 tu\u00e9 ce lundi 28&nbsp;ao\u00fbt en Irak lors d\u2019une op\u00e9ration antiterroriste en appui de l\u2019<a href=\"https:\/\/www.huffingtonpost.fr\/politique\/article\/l-operation-barkhane-critiquee-apres-le-coup-d-etat-au-niger-sebastien-lecornu-defend-l-armee_221564.html\">arm\u00e9e irakienne<\/a>, a annonc\u00e9 mardi l\u2019\u00c9lys\u00e9e. Il appartenait au commando parachutiste de l\u2019air n\u00b0&nbsp;10.<\/p>\n\n\n\n<p>C\u2019est le troisi\u00e8me d\u00e9c\u00e8s pour l\u2019arm\u00e9e fran\u00e7aise en Irak en seulement dix jours. Le 21\u00a0ao\u00fbt,\u00a0<a href=\"https:\/\/www.huffingtonpost.fr\/france\/article\/nicolas-latourte-militaire-francais-tue-en-irak-lors-d-un-exercice-operationnel_222028.html\">Nicolas Latourte<\/a>, du 6e r\u00e9giment du g\u00e9nie d\u2019Angers, est d\u00e9c\u00e9d\u00e9\u00a0lors d\u2019un exercice d\u2019entra\u00eenement au combat en zone p\u00e9riurbain. 48\u00a0heures plus t\u00f4t,\u00a0<a href=\"https:\/\/www.huffingtonpost.fr\/france\/article\/baptiste-gauchot-soldat-francais-est-mort-en-irak-dans-un-accident-de-la-route_221959.html\">Baptiste Gauchot<\/a>, un autre soldat fran\u00e7ais, est \u00e9galement mort en Irak dans un accident de la route.<\/p>\n\n\n\n<p><em>C\u2019est avec une tr\u00e8s vive \u00e9motion que le pr\u00e9sident de la R\u00e9publique a appris la mort du sergent Nicolas Mazier du commando parachutiste de l\u2019air n\u00b0&nbsp;10, tu\u00e9 hier en Irak alors que son unit\u00e9 appuyait une unit\u00e9 irakienne en op\u00e9ration antiterroriste&nbsp;\u00bb<\/em>, a d\u00e9clar\u00e9 la pr\u00e9sidence fran\u00e7aise, pr\u00e9cisant que d\u2019autres membres de son unit\u00e9 avaient \u00e9t\u00e9 bless\u00e9s \u00e0 ses c\u00f4t\u00e9s.<\/p>\n\n\n\n<p>Le chef de l\u2019\u00c9tat a adress\u00e9\u00a0\u00e0 sa famille et \u00e0 ses proches\u00a0<em>\u00ab\u00a0ses plus sinc\u00e8res condol\u00e9ances et les assure de la solidarit\u00e9 de la Nation dans ces douloureuses circonstances\u00a0\u00bb.\u00a0<\/em>Sur Twitter, il \u00e9crit\u00a0:\u00a0<em>\u00ab\u00a0le sergent Nicolas Mazier se battait pour la France, pour notre s\u00e9curit\u00e9. Tomb\u00e9 en Irak, c\u2019est toute la Nation qui le pleure.\u00a0\u00bb<\/em><\/p>\n\n\n\n<h2 class=\"wp-block-heading\" id=\"3513542\"><strong>Embuscade du groupe Etat islamique<\/strong><\/h2>\n\n\n\n<p>Selon une source s\u00e9curitaire irakienne \u00e0 Kirkouk, lundi soir, une op\u00e9ration conjointe\u00a0<em>\u00ab\u00a0des forces antiterroristes irakiennes et des militaires des forces fran\u00e7aises stationn\u00e9es \u00e0 la base K1 \u00e0 Kirkouk ont essuy\u00e9 une embuscade\u00a0\u00bb<\/em>\u00a0de jihadistes du groupe Etat islamique (EI) dans la province de Salahedine, dans le d\u00e9sert d\u2019al-A\u00efth, frontalier de la province de Kirkouk.<\/p>\n\n\n\n<p>Des soldats fran\u00e7ais ont \u00e9t\u00e9 bless\u00e9s, a-t-elle ajout\u00e9, ainsi que trois membres du service antiterroriste irakien. Selon elle, les affrontements arm\u00e9s ont dur\u00e9&nbsp;<em>\u00ab&nbsp;plus de cinq heures&nbsp;\u00bb<\/em>.<\/p>\n\n\n\n<p>Quelque 600 militaires fran\u00e7ais sont d\u00e9ploy\u00e9s dans la r\u00e9gion dans le cadre de l\u2019op\u00e9ration Chammal, le volet fran\u00e7ais de l\u2019op\u00e9ration de la coalition internationale Inherent Resolve contre le groupe Etat islamique, cr\u00e9\u00e9e en 2014.<\/p>\n\n\n\n<p>Apr\u00e8s une mont\u00e9e en puissance fulgurante en 2014 et la conqu\u00eate de vastes territoires en Irak et en Syrie voisine, l\u2019EI a vu son&nbsp;<em>\u00ab&nbsp;califat&nbsp;\u00bb<\/em>&nbsp;autoproclam\u00e9 s\u2019\u00e9crouler sous le coup d\u2019offensives successives dans ces deux pays. En mars, un haut responsable militaire irakien assurait toutefois que l\u2019EI comptait entre 400 et 500 combattants actifs en Irak<\/p>\n","protected":false},"excerpt":{"rendered":"<p>&nbsp;Un militaire des forces sp\u00e9ciales fran\u00e7aises, Nicolas Mazier, a \u00e9t\u00e9 tu\u00e9 ce lundi 28&nbsp;ao\u00fbt en Irak lors d\u2019une op\u00e9ration antiterroriste en appui de l\u2019arm\u00e9e irakienne, a annonc\u00e9 mardi l\u2019\u00c9lys\u00e9e. Il appartenait au commando parachutiste de l\u2019air n\u00b0&nbsp;10. C\u2019est le troisi\u00e8me d\u00e9c\u00e8s pour l\u2019arm\u00e9e fran\u00e7aise en Irak en seulement dix jours. Le 21\u00a0ao\u00fbt,\u00a0Nicolas Latourte, du 6e [&hellip;]<\/p>\n","protected":false},"author":2,"featured_media":25584,"comment_status":"open","ping_status":"open","sticky":false,"template":"","format":"standard","meta":{"_jetpack_memberships_contains_paid_content":false,"footnotes":"","jetpack_publicize_message":"","jetpack_publicize_feature_enabled":true,"jetpack_social_post_already_shared":true,"jetpack_social_options":{"image_generator_settings":{"template":"highway","default_image_id":0,"font":"","enabled":false},"version":2},"_wpas_customize_per_network":false},"categories":[405],"tags":[],"class_list":["post-25583","post","type-post","status-publish","format-standard","has-post-thumbnail","hentry","category-actu-france-monde"],"jetpack_publicize_connections":[],"jetpack_featured_media_url":"https:\/\/i0.wp.com\/www.iceagetv.com\/radiosite\/wp-content\/uploads\/2023\/08\/Nicolas-Mazier.png?fit=724%2C393&ssl=1","jetpack_sharing_enabled":true,"_links":{"self":[{"href":"https:\/\/www.iceagetv.com\/radiosite\/wp-json\/wp\/v2\/posts\/25583","targetHints":{"allow":["GET"]}}],"collection":[{"href":"https:\/\/www.iceagetv.com\/radiosite\/wp-json\/wp\/v2\/posts"}],"about":[{"href":"https:\/\/www.iceagetv.com\/radiosite\/wp-json\/wp\/v2\/types\/post"}],"author":[{"embeddable":true,"href":"https:\/\/www.iceagetv.com\/radiosite\/wp-json\/wp\/v2\/users\/2"}],"replies":[{"embeddable":true,"href":"https:\/\/www.iceagetv.com\/radiosite\/wp-json\/wp\/v2\/comments?post=25583"}],"version-history":[{"count":1,"href":"https:\/\/www.iceagetv.com\/radiosite\/wp-json\/wp\/v2\/posts\/25583\/revisions"}],"predecessor-version":[{"id":25585,"href":"https:\/\/www.iceagetv.com\/radiosite\/wp-json\/wp\/v2\/posts\/25583\/revisions\/25585"}],"wp:featuredmedia":[{"embeddable":true,"href":"https:\/\/www.iceagetv.com\/radiosite\/wp-json\/wp\/v2\/media\/25584"}],"wp:attachment":[{"href":"https:\/\/www.iceagetv.com\/radiosite\/wp-json\/wp\/v2\/media?parent=25583"}],"wp:term":[{"taxonomy":"category","embeddable":true,"href":"https:\/\/www.iceagetv.com\/radiosite\/wp-json\/wp\/v2\/categories?post=25583"},{"taxonomy":"post_tag","embeddable":true,"href":"https:\/\/www.iceagetv.com\/radiosite\/wp-json\/wp\/v2\/tags?post=25583"}],"curies":[{"name":"wp","href":"https:\/\/api.w.org\/{rel}","templated":true}]}}