{"id":25596,"date":"2023-08-31T11:11:42","date_gmt":"2023-08-31T11:11:42","guid":{"rendered":"https:\/\/www.iceagetv.com\/radiosite\/?p=25596"},"modified":"2023-08-31T11:11:42","modified_gmt":"2023-08-31T11:11:42","slug":"rencontre-entre-emmanuel-macron-et-des-chefs-de-partis-a-saint-denis-ce-quil-faut-retenir","status":"publish","type":"post","link":"https:\/\/www.iceagetv.com\/radiosite\/rencontre-entre-emmanuel-macron-et-des-chefs-de-partis-a-saint-denis-ce-quil-faut-retenir\/","title":{"rendered":"Rencontre entre Emmanuel Macron et des chefs de partis \u00e0 Saint-Denis \u00a0: ce qu\u2019il faut retenir"},"content":{"rendered":"\n<p><\/p>\n\n\n\n<h2 class=\"wp-block-heading\">Ce qu\u2019il faut retenir de la rencontre des chefs de partis avec Emmanuel Macron<\/h2>\n\n\n\n<p>C\u2019est la fin de ce direct, merci de l\u2019avoir suivi. Voici un r\u00e9sum\u00e9 des derni\u00e8res vingt-quatre heures autour de \u00ab&nbsp;l\u2019initiative politique&nbsp;\u00bb d\u2019Emmanuel Macron&nbsp;:<\/p>\n\n\n\n<ul class=\"wp-block-list\">\n<li>Un dialogue courtois s\u2019est nou\u00e9 entre le chef de l\u2019Etat et ses opposants mercredi \u00e0 Saint-Denis (Seine-Saint-Denis), donnant lieu \u00e0 pas moins de <strong>douze heures d\u2019\u00e9changes<\/strong>. Le porte-parole du gouvernement, Olivier V\u00e9ran, s\u2019est ainsi f\u00e9licit\u00e9 jeudi d\u2019un <em>\u00ab&nbsp;processus in\u00e9dit&nbsp;\u00bb<\/em> qui <em>\u00ab&nbsp;pourrait bien marquer l\u2019histoire&nbsp;\u00bb<\/em>.<\/li>\n\n\n\n<li>Pendant quatre heures, <strong>Emmanuel Macron a \u00e9voqu\u00e9 la situation internationale<\/strong>, en parlant longuement de l\u2019Afrique, de l\u2019Ukraine, du Maghreb, de l\u2019Europe, du bassin m\u00e9diterran\u00e9en, de la relation avec l\u2019Allemagne, puis a propos\u00e9 un tour de table. Les onze chefs de parti sont intervenus sans limite de temps. Un large consensus se manifeste sur la politique de la France en Ukraine.<\/li>\n\n\n\n<li>L\u2019entourage du pr\u00e9sident a pr\u00e9cis\u00e9 que <strong>le principe d\u2019une conf\u00e9rence sociale<\/strong> <em>\u00ab&nbsp;sur les carri\u00e8res et les branches situ\u00e9es sous le salaire minimum&nbsp;\u00bb<\/em> avait \u00e9t\u00e9 <em>\u00ab&nbsp;valid\u00e9&nbsp;\u00bb<\/em> dans la soir\u00e9e. <em>\u00ab&nbsp;La porte n\u2019a pas \u00e9t\u00e9 ferm\u00e9e sur la question des bas salaires en dessous du smic ou des conditions de travail&nbsp;\u00bb<\/em>, a confirm\u00e9 sur Franceinfo Olivier V\u00e9ran, en \u00e9voquant cette conf\u00e9rence sociale.<\/li>\n\n\n\n<li>Quant \u00e0 <strong>l\u2019id\u00e9e d\u2019organiser un <em>\u00ab&nbsp;pr\u00e9f\u00e9rendum&nbsp;\u00bb<\/em><\/strong>, sorte de r\u00e9f\u00e9rendum \u00e0 questions multiples, \u00e9voqu\u00e9e lundi par Olivier V\u00e9ran, elle semble avoir \u00e9t\u00e9 battue en br\u00e8che par le pr\u00e9sident. M.&nbsp;Macron <em>\u00ab&nbsp;nous a indiqu\u00e9 qu\u2019il ne savait pas ce que c\u2019\u00e9tait, que \u00e7a n\u2019existait pas, que c\u2019\u00e9tait l\u2019id\u00e9e d\u2019Olivier V\u00e9ran mais pas la sienne&nbsp;\u00bb<\/em>, a assur\u00e9 Eric Ciotti.<\/li>\n\n\n\n<li>Si personne n\u2019a claqu\u00e9 la porte, les invit\u00e9s sont rest\u00e9s sur leur faim, \u00e0 l\u2019instar d\u2019Eric Ciotti affirmant sur France&nbsp;2 que <em><strong>\u00ab&nbsp;tout cela doit se traduire maintenant concr\u00e8tement&nbsp;\u00bb<\/strong><\/em> et continuant de plaider pour un r\u00e9f\u00e9rendum sur l\u2019immigration. <em>\u00ab&nbsp;Je ne sais pas sur quoi tout \u00e7a va d\u00e9boucher&nbsp;\u00bb<\/em>, a ajout\u00e9 le pr\u00e9sident des R\u00e9publicains, <em>\u00ab&nbsp;pour l\u2019heure pas convaincu&nbsp;\u00bb<\/em> par la d\u00e9marche, m\u00eame s\u2019il a jug\u00e9 l\u2019exercice <em>\u00ab&nbsp;opportun&nbsp;\u00bb<\/em>.<\/li>\n\n\n\n<li>Au contraire, Manuel Bompard a trouv\u00e9 <em>\u00ab&nbsp;assez grotesque&nbsp;\u00bb<\/em> de <em>\u00ab&nbsp;passer douze&nbsp;heures pour n\u2019avoir aucune r\u00e9ponse s\u00e9rieuse, aucune mesure, aucune annonce concr\u00e8te&nbsp;\u00bb<\/em>.<strong> <em>\u00ab&nbsp;C\u2019\u00e9tait franc, mais \u00e7a n\u2019aboutit \u00e0 ce stade sur rien&nbsp;\u00bb<\/em><\/strong>, a regrett\u00e9 sur Franceinfo le coordinateur de La France insoumise (LFI), d\u00e9plorant que M.&nbsp;Macron ait <em>\u00ab&nbsp;balay\u00e9 d\u2019un revers de la main&nbsp;\u00bb<\/em> les propositions communes de la gauche pour un blocage des prix, un r\u00e9f\u00e9rendum sur les retraites ou une hausse des salaires.<\/li>\n\n\n\n<li><em>\u00ab\u00a0Tout le monde a d\u2019ores et d\u00e9j\u00e0 accept\u00e9 de se revoir sur le m\u00eame format, dans les m\u00eames conditions, pour une prochaine session de travail\u00a0\u00bb<\/em>, a assur\u00e9 l\u2019Elys\u00e9e, sans avancer de date. <em>\u00ab\u00a0Il faut battre le fer pendant qu\u2019il est chaud\u00a0\u00bb<\/em>, a ajout\u00e9 M.\u00a0V\u00e9ran. <strong>Un s\u00e9minaire gouvernemental de suivi, mercredi prochain, est d\u2019ores et d\u00e9j\u00e0 programm\u00e9.<\/strong> Moins enthousiaste, M.\u00a0Bompard a mis une condition\u00a0: que le chef de l\u2019Etat <em>\u00ab\u00a0fasse des annonces dans les prochaines heures qui d\u00e9montrent qu\u2019il a tenu compte des propositions que nous avons formul\u00e9es\u00a0\u00bb<\/em>. Mais <em>\u00ab\u00a0si c\u2019est pour faire \u00e0 nouveau une longue discussion qui ne se traduit par rien, je ne vois pas l\u2019int\u00e9r\u00eat <\/em>[d\u2019y]<em> passer encore du temps\u00a0\u00bb<\/em>, a pr\u00e9venu le coordinateur de LFI.<\/li>\n\n\n\n<li>\u00ab\u00a0Une nouvelle \u00e9tape d\u2019apaisement dans le dialogue politique\u00a0\u00bb, estime St\u00e9phane S\u00e9journ\u00e9<\/li>\n\n\n\n<li>Le secr\u00e9taire g\u00e9n\u00e9ral de Renaissance, St\u00e9phane S\u00e9journ\u00e9, qui ne\u00a0<em>\u00ab\u00a0retrouve pas forc\u00e9ment dans les r\u00e9actions des uns et des autres ni l\u2019ambiance ni les d\u00e9marches de cette r\u00e9union\u00a0\u00bb<\/em>, y voit\u00a0<em>\u00ab\u00a0une nouvelle \u00e9tape d\u2019apaisement dans le dialogue politique\u00a0\u00bb<\/em>, a-t-il expliqu\u00e9 \u00e0 l\u2019Agence France-Presse.<\/li>\n<\/ul>\n","protected":false},"excerpt":{"rendered":"<p>Ce qu\u2019il faut retenir de la rencontre des chefs de partis avec Emmanuel Macron C\u2019est la fin de ce direct, merci de l\u2019avoir suivi. Voici un r\u00e9sum\u00e9 des derni\u00e8res vingt-quatre heures autour de \u00ab&nbsp;l\u2019initiative politique&nbsp;\u00bb d\u2019Emmanuel Macron&nbsp;:<\/p>\n","protected":false},"author":2,"featured_media":25597,"comment_status":"open","ping_status":"open","sticky":false,"template":"","format":"standard","meta":{"_jetpack_memberships_contains_paid_content":false,"footnotes":"","jetpack_publicize_message":"","jetpack_publicize_feature_enabled":true,"jetpack_social_post_already_shared":true,"jetpack_social_options":{"image_generator_settings":{"template":"highway","default_image_id":0,"font":"","enabled":false},"version":2},"_wpas_customize_per_network":false},"categories":[405],"tags":[],"class_list":["post-25596","post","type-post","status-publish","format-standard","has-post-thumbnail","hentry","category-actu-france-monde"],"jetpack_publicize_connections":[],"jetpack_featured_media_url":"https:\/\/i0.wp.com\/www.iceagetv.com\/radiosite\/wp-content\/uploads\/2023\/08\/Rencontre-entre-Emmanuel-Macron-et-des-chefs-de-partis-a-Saint-Denis.png?fit=1130%2C434&ssl=1","jetpack_sharing_enabled":true,"_links":{"self":[{"href":"https:\/\/www.iceagetv.com\/radiosite\/wp-json\/wp\/v2\/posts\/25596","targetHints":{"allow":["GET"]}}],"collection":[{"href":"https:\/\/www.iceagetv.com\/radiosite\/wp-json\/wp\/v2\/posts"}],"about":[{"href":"https:\/\/www.iceagetv.com\/radiosite\/wp-json\/wp\/v2\/types\/post"}],"author":[{"embeddable":true,"href":"https:\/\/www.iceagetv.com\/radiosite\/wp-json\/wp\/v2\/users\/2"}],"replies":[{"embeddable":true,"href":"https:\/\/www.iceagetv.com\/radiosite\/wp-json\/wp\/v2\/comments?post=25596"}],"version-history":[{"count":1,"href":"https:\/\/www.iceagetv.com\/radiosite\/wp-json\/wp\/v2\/posts\/25596\/revisions"}],"predecessor-version":[{"id":25598,"href":"https:\/\/www.iceagetv.com\/radiosite\/wp-json\/wp\/v2\/posts\/25596\/revisions\/25598"}],"wp:featuredmedia":[{"embeddable":true,"href":"https:\/\/www.iceagetv.com\/radiosite\/wp-json\/wp\/v2\/media\/25597"}],"wp:attachment":[{"href":"https:\/\/www.iceagetv.com\/radiosite\/wp-json\/wp\/v2\/media?parent=25596"}],"wp:term":[{"taxonomy":"category","embeddable":true,"href":"https:\/\/www.iceagetv.com\/radiosite\/wp-json\/wp\/v2\/categories?post=25596"},{"taxonomy":"post_tag","embeddable":true,"href":"https:\/\/www.iceagetv.com\/radiosite\/wp-json\/wp\/v2\/tags?post=25596"}],"curies":[{"name":"wp","href":"https:\/\/api.w.org\/{rel}","templated":true}]}}