{"id":25636,"date":"2023-09-25T16:18:47","date_gmt":"2023-09-25T16:18:47","guid":{"rendered":"https:\/\/www.iceagetv.com\/radiosite\/?p=25636"},"modified":"2023-09-25T16:18:47","modified_gmt":"2023-09-25T16:18:47","slug":"voiture-de-police-attaquee-le-policier-qui-a-sorti-son-arme-pour-se-defendre-ne-fera-pas-lobjet-dune-enquete-administrative-prefet-de-police-de-paris","status":"publish","type":"post","link":"https:\/\/www.iceagetv.com\/radiosite\/voiture-de-police-attaquee-le-policier-qui-a-sorti-son-arme-pour-se-defendre-ne-fera-pas-lobjet-dune-enquete-administrative-prefet-de-police-de-paris\/","title":{"rendered":"Voiture de police attaqu\u00e9e: Le policier qui a sorti son arme pour se d\u00e9fendre ne fera pas l&rsquo;objet d&rsquo;une enqu\u00eate administrative (Pr\u00e9fet de police de Paris)"},"content":{"rendered":"\n<p><strong>Le pr\u00e9fet de police de Paris Laurent Nu\u00f1ez a d\u00e9cid\u00e9 de ne pas ouvrir d&rsquo;enqu\u00eate administrative sur le policier qui a sorti son arme pour faire reculer des manifestants alors que sa voiture \u00e9tait attaqu\u00e9e samedi, lors d&rsquo;une marche contre les violences polici\u00e8res, a appris lundi 25 septembre l&rsquo;AFP aupr\u00e8s de l&rsquo;entourage du pr\u00e9fet.<\/strong><\/p>\n\n\n\n<p><strong>\u00abIl n&rsquo;y aura pas d&rsquo;enqu\u00eate administrative sur la sortie de l&rsquo;arme\u00bb, a dit cette source, ajoutant qu&rsquo;\u00abil n&rsquo;y avait aucun soup\u00e7on de faute professionnelle\u00bb de la part du fonctionnaire. \u00abLe pr\u00e9fet de police a appel\u00e9 chacun des fonctionnaires (qui se trouvaient dans le v\u00e9hicule pris \u00e0 partie) pour les f\u00e9liciter et leur adresser son soutien\u00bb, a ajout\u00e9 l&rsquo;entourage.<\/strong><\/p>\n\n\n\n<p>Samedi, lors cette manifestation partie de la gare du Nord, une voiture de police, coinc\u00e9e dans la circulation, avait \u00e9t\u00e9 attaqu\u00e9e \u00ab\u00e0 coups de barre de fer\u00bb, selon la pr\u00e9fecture de police de Paris, par plusieurs individus v\u00eatus de noir. L&rsquo;un des policiers \u00e9tait alors bri\u00e8vement sorti du v\u00e9hicule arme \u00e0 la main pour tenir \u00e0 distance les manifestants, selon plusieurs vid\u00e9os diffus\u00e9es sur les r\u00e9seaux sociaux, confirm\u00e9es par une source polici\u00e8re. Une intervention d&rsquo;autres policiers avait ensuite \u00abpermis de faire cesser l&rsquo;action et mettre \u00e0 l&rsquo;abri\u00bb les policiers pr\u00e9sents dans le v\u00e9hicule, avait expliqu\u00e9 la pr\u00e9fecture. Quatre policiers se trouvaient dans le v\u00e9hicule et trois d&rsquo;entre eux ont \u00e9t\u00e9 \u00abbless\u00e9s l\u00e9gers\u00bb aux cervicales, a dit samedi Laurent Nu\u00f1ez. Une enqu\u00eate pour \u00abviolences volontaires sur personnes d\u00e9positaires de l&rsquo;autorit\u00e9 publique\u00bb a \u00e9t\u00e9 confi\u00e9e \u00e0 la s\u00fbret\u00e9 territoriale, a indiqu\u00e9 dimanche le parquet de Paris. Trois personnes ont \u00e9t\u00e9 plac\u00e9es en garde \u00e0 vue.<\/p>\n\n\n\n<p>C&rsquo;est un document diffus\u00e9 ce matin sur Cnews qui montre ce qui s&rsquo;est pass\u00e9 avant qu&rsquo;un policier sorte son arme ce week-end lors d&rsquo;une manif anti-police. Et on d\u00e9couvre que ces policiers \u00e9taient dans un premier temps \u00e0 pieds et qu&rsquo;ils ont \u00e9t\u00e9 pris \u00e0 partie par la foule, avant de monter dans leur voiture et l\u00e0 encore, une nouvelle fois, des jeunes cagoul\u00e9s leur ont saut\u00e9 dessus !<\/p>\n\n\n\n<p>Sur cette vid\u00e9o,&nbsp; le visage masqu\u00e9 et v\u00eatu de noir, on peut voir ces individus courir derri\u00e8re une voiture de police, qui tente de se frayer un chemin au milieu de la circulation. Bloqu\u00e9e quelques dizaines de m\u00e8tres plus loin, la voiture de police est rattrap\u00e9e par les manifestants arm\u00e9s de barres de fer.<\/p>\n\n\n\n<p>Plusieurs d&rsquo;entre eux vont alors s&rsquo;attaquer au v\u00e9hicule, brisant plusieurs vitres. C&rsquo;est \u00e0 ce moment-l\u00e0 que l&rsquo;un des policiers pr\u00e9sents \u00e0 l&rsquo;arri\u00e8re du v\u00e9hicule sort. Arme \u00e0 la main, il met en joue les assaillants leur demandant de reculer avant de remonter quelques secondes plus tard dans la voiture.<\/p>\n\n\n\n<p>Trois des quatre policiers pr\u00e9sents \u00e0 bord ont \u00e9t\u00e9 l\u00e9g\u00e8rement bless\u00e9s. Pour Matthieu Vallet, repr\u00e9sentant du syndicat des commissaires de police SICP, le policier a agi pour se prot\u00e9ger. \u00ab\u00a0On voit qu&rsquo;on a une dizaine de sorte de sauvages qui veulent se faire du policier. Donc le policier, qui est accul\u00e9 avec son \u00e9quipage, sort et met en joue les individus pour \u00e9viter d&rsquo;\u00eatre agress\u00e9 physiquement.<\/p>\n\n\n\n<p>La mise en joue est totalement l\u00e9gitime et pr\u00e9vue par notre cadre d&#8217;emploi pour prot\u00e9ger l&rsquo;\u00e9quipage de police qui essaye de s&rsquo;extirper, de s&rsquo;extraire de la situation\u00a0\u00bb, justifie-t-il.<\/p>\n\n\n\n<p>\u00ab\u00a0On fait une manifestation sur la th\u00e9matique des violences polici\u00e8res et en fait qui utilise les violences contre les policiers ? Voil\u00e0\u2026 CQFD\u00a0\u00bb, a pour sa part r\u00e9agi Jean-Christophe Couvy, secr\u00e9taire national du syndicat SGP Police FO. \u00ab\u00a0On sait qu&rsquo;aujourd&rsquo;hui on est des cibles, on sait qu&rsquo;on a des personnes qui viennent sur des manifestations pour tuer du flic, pour blesser des flics. C&rsquo;est juste scandaleux et nous sommes r\u00e9volt\u00e9s\u00a0\u00bb, a-t-il conclu.<\/p>\n","protected":false},"excerpt":{"rendered":"<p>Le pr\u00e9fet de police de Paris Laurent Nu\u00f1ez a d\u00e9cid\u00e9 de ne pas ouvrir d&rsquo;enqu\u00eate administrative sur le policier qui a sorti son arme pour faire reculer des manifestants alors que sa voiture \u00e9tait attaqu\u00e9e samedi, lors d&rsquo;une marche contre les violences polici\u00e8res, a appris lundi 25 septembre l&rsquo;AFP aupr\u00e8s de l&rsquo;entourage du pr\u00e9fet. \u00abIl [&hellip;]<\/p>\n","protected":false},"author":2,"featured_media":25637,"comment_status":"open","ping_status":"open","sticky":false,"template":"","format":"standard","meta":{"_jetpack_memberships_contains_paid_content":false,"footnotes":"","jetpack_publicize_message":"","jetpack_publicize_feature_enabled":true,"jetpack_social_post_already_shared":true,"jetpack_social_options":{"image_generator_settings":{"template":"highway","default_image_id":0,"font":"","enabled":false},"version":2},"_wpas_customize_per_network":false},"categories":[405],"tags":[],"class_list":["post-25636","post","type-post","status-publish","format-standard","has-post-thumbnail","hentry","category-actu-france-monde"],"jetpack_publicize_connections":[],"jetpack_featured_media_url":"https:\/\/i0.wp.com\/www.iceagetv.com\/radiosite\/wp-content\/uploads\/2023\/09\/Voiture-de-police-attaquee.jpg?fit=679%2C293&ssl=1","jetpack_sharing_enabled":true,"_links":{"self":[{"href":"https:\/\/www.iceagetv.com\/radiosite\/wp-json\/wp\/v2\/posts\/25636","targetHints":{"allow":["GET"]}}],"collection":[{"href":"https:\/\/www.iceagetv.com\/radiosite\/wp-json\/wp\/v2\/posts"}],"about":[{"href":"https:\/\/www.iceagetv.com\/radiosite\/wp-json\/wp\/v2\/types\/post"}],"author":[{"embeddable":true,"href":"https:\/\/www.iceagetv.com\/radiosite\/wp-json\/wp\/v2\/users\/2"}],"replies":[{"embeddable":true,"href":"https:\/\/www.iceagetv.com\/radiosite\/wp-json\/wp\/v2\/comments?post=25636"}],"version-history":[{"count":1,"href":"https:\/\/www.iceagetv.com\/radiosite\/wp-json\/wp\/v2\/posts\/25636\/revisions"}],"predecessor-version":[{"id":25638,"href":"https:\/\/www.iceagetv.com\/radiosite\/wp-json\/wp\/v2\/posts\/25636\/revisions\/25638"}],"wp:featuredmedia":[{"embeddable":true,"href":"https:\/\/www.iceagetv.com\/radiosite\/wp-json\/wp\/v2\/media\/25637"}],"wp:attachment":[{"href":"https:\/\/www.iceagetv.com\/radiosite\/wp-json\/wp\/v2\/media?parent=25636"}],"wp:term":[{"taxonomy":"category","embeddable":true,"href":"https:\/\/www.iceagetv.com\/radiosite\/wp-json\/wp\/v2\/categories?post=25636"},{"taxonomy":"post_tag","embeddable":true,"href":"https:\/\/www.iceagetv.com\/radiosite\/wp-json\/wp\/v2\/tags?post=25636"}],"curies":[{"name":"wp","href":"https:\/\/api.w.org\/{rel}","templated":true}]}}