{"id":25647,"date":"2023-09-25T18:48:03","date_gmt":"2023-09-25T18:48:03","guid":{"rendered":"https:\/\/www.iceagetv.com\/radiosite\/?p=25647"},"modified":"2023-09-25T18:48:03","modified_gmt":"2023-09-25T18:48:03","slug":"incendie-meurtrier-a-strasbourg-les-deux-accuses-condamnes-a-23-ans-et-4-ans-et-demi-de-prison","status":"publish","type":"post","link":"https:\/\/www.iceagetv.com\/radiosite\/incendie-meurtrier-a-strasbourg-les-deux-accuses-condamnes-a-23-ans-et-4-ans-et-demi-de-prison\/","title":{"rendered":"INCENDIE MEURTRIER \u00c0 STRASBOURG: LES DEUX ACCUS\u00c9S CONDAMN\u00c9S \u00c0 23 ANS ET 4 ANS ET DEMI DE PRISON"},"content":{"rendered":"\n<p>Cinq personnes sont mortes dans la nuit du 26 au 27 f\u00e9vrier 2020, dans l&rsquo;incendie d&rsquo;un immeuble de Strasbourg.<\/p>\n\n\n\n<p>La Cour d&rsquo;assises du Bas-Rhin a condamn\u00e9 lundi \u00e0 23 ans de r\u00e9clusion criminelle Sassoun Azarian pour l&rsquo;incendie \u00ab\u00a0volontaire\u00a0\u00bb d&rsquo;un immeuble de Strasbourg en 2020 qui avait fait cinq morts, et \u00e0 quatre ans et six mois de prison&nbsp;<a href=\"https:\/\/www.bfmtv.com\/alsace\/incendie-meurtrier-a-strasbourg-la-memoire-selective-d-un-accuse_AD-202309220606.html\">Munasar Ali Abdullahi<\/a>&nbsp;pour non assistance \u00e0 personne en danger.<br><br>Dans la matin\u00e9e, l&rsquo;avocat g\u00e9n\u00e9ral, Alexandre Chevrier, avait requis une peine de 25 ans de r\u00e9clusion \u00e0 l&rsquo;encontre de Sassoun Azarian, estimant qu&rsquo;il avait \u00ab\u00a0volontairement\u00a0\u00bb lanc\u00e9 un m\u00e9got dans la colonne \u00e9lectrique de l&rsquo;immeuble, et de 12 ans de r\u00e9clusion \u00e0 l&rsquo;encontre de Munasar Ali Abdullahi, pour \u00ab\u00a0complicit\u00e9\u00a0\u00bb. Les deux hommes encourraient la perp\u00e9tuit\u00e9.<\/p>\n\n\n\n<h2 class=\"wp-block-heading\">Une d\u00e9cision \u00ab\u00a0injuste\u00a0\u00bb<\/h2>\n\n\n\n<p>\u00c0 l&rsquo;annonce du verdict, Sassoun Azarian, jeune homme de 24 ans d&rsquo;origine azerba\u00efdjanaise, a d\u00e9nonce une d\u00e9cision \u00ab\u00a0injuste\u00a0\u00bb et \u00ab\u00a0raciste\u00a0\u00bb, interrompant le pr\u00e9sident de la Cour, Antoine Giessenhoffer. Il a \u00e9galement \u00e9t\u00e9 jug\u00e9 coupable de non assistance \u00e0 personne en danger.<br><br>Son avocat, Me Randall Schwerdorffer, a d\u00e9nonc\u00e9 un verdict fond\u00e9 sur \u00ab\u00a0une intime impression\u00a0\u00bb plut\u00f4t que sur une \u00ab\u00a0intime conviction\u00a0\u00bb.<\/p>\n","protected":false},"excerpt":{"rendered":"<p>Cinq personnes sont mortes dans la nuit du 26 au 27 f\u00e9vrier 2020, dans l&rsquo;incendie d&rsquo;un immeuble de Strasbourg. La Cour d&rsquo;assises du Bas-Rhin a condamn\u00e9 lundi \u00e0 23 ans de r\u00e9clusion criminelle Sassoun Azarian pour l&rsquo;incendie \u00ab\u00a0volontaire\u00a0\u00bb d&rsquo;un immeuble de Strasbourg en 2020 qui avait fait cinq morts, et \u00e0 quatre ans et six [&hellip;]<\/p>\n","protected":false},"author":2,"featured_media":25648,"comment_status":"open","ping_status":"open","sticky":false,"template":"","format":"standard","meta":{"_jetpack_memberships_contains_paid_content":false,"footnotes":"","jetpack_publicize_message":"","jetpack_publicize_feature_enabled":true,"jetpack_social_post_already_shared":true,"jetpack_social_options":{"image_generator_settings":{"template":"highway","default_image_id":0,"font":"","enabled":false},"version":2},"_wpas_customize_per_network":false},"categories":[405],"tags":[],"class_list":["post-25647","post","type-post","status-publish","format-standard","has-post-thumbnail","hentry","category-actu-france-monde"],"jetpack_publicize_connections":[],"jetpack_featured_media_url":"https:\/\/i0.wp.com\/www.iceagetv.com\/radiosite\/wp-content\/uploads\/2023\/09\/INCENDIE-MEURTRIER-A-STRASBOURG.jpg?fit=680%2C383&ssl=1","jetpack_sharing_enabled":true,"_links":{"self":[{"href":"https:\/\/www.iceagetv.com\/radiosite\/wp-json\/wp\/v2\/posts\/25647","targetHints":{"allow":["GET"]}}],"collection":[{"href":"https:\/\/www.iceagetv.com\/radiosite\/wp-json\/wp\/v2\/posts"}],"about":[{"href":"https:\/\/www.iceagetv.com\/radiosite\/wp-json\/wp\/v2\/types\/post"}],"author":[{"embeddable":true,"href":"https:\/\/www.iceagetv.com\/radiosite\/wp-json\/wp\/v2\/users\/2"}],"replies":[{"embeddable":true,"href":"https:\/\/www.iceagetv.com\/radiosite\/wp-json\/wp\/v2\/comments?post=25647"}],"version-history":[{"count":1,"href":"https:\/\/www.iceagetv.com\/radiosite\/wp-json\/wp\/v2\/posts\/25647\/revisions"}],"predecessor-version":[{"id":25649,"href":"https:\/\/www.iceagetv.com\/radiosite\/wp-json\/wp\/v2\/posts\/25647\/revisions\/25649"}],"wp:featuredmedia":[{"embeddable":true,"href":"https:\/\/www.iceagetv.com\/radiosite\/wp-json\/wp\/v2\/media\/25648"}],"wp:attachment":[{"href":"https:\/\/www.iceagetv.com\/radiosite\/wp-json\/wp\/v2\/media?parent=25647"}],"wp:term":[{"taxonomy":"category","embeddable":true,"href":"https:\/\/www.iceagetv.com\/radiosite\/wp-json\/wp\/v2\/categories?post=25647"},{"taxonomy":"post_tag","embeddable":true,"href":"https:\/\/www.iceagetv.com\/radiosite\/wp-json\/wp\/v2\/tags?post=25647"}],"curies":[{"name":"wp","href":"https:\/\/api.w.org\/{rel}","templated":true}]}}