{"id":25650,"date":"2023-09-26T18:13:49","date_gmt":"2023-09-26T18:13:49","guid":{"rendered":"https:\/\/www.iceagetv.com\/radiosite\/?p=25650"},"modified":"2023-09-26T18:13:49","modified_gmt":"2023-09-26T18:13:49","slug":"le-gouvernement-va-presenter-deux-lois-avant-la-fin-de-lannee-sur-lenergie-lune-sur-la-reforme-de-la-surete-nucleaire-lautre-sur-le-climat-annonce-agnes-pannier-runacher","status":"publish","type":"post","link":"https:\/\/www.iceagetv.com\/radiosite\/le-gouvernement-va-presenter-deux-lois-avant-la-fin-de-lannee-sur-lenergie-lune-sur-la-reforme-de-la-surete-nucleaire-lautre-sur-le-climat-annonce-agnes-pannier-runacher\/","title":{"rendered":"Le gouvernement va pr\u00e9senter deux lois avant la fin de l&rsquo;ann\u00e9e sur l&rsquo;\u00e9nergie, l&rsquo;une sur la r\u00e9forme de la s\u00fbret\u00e9 nucl\u00e9aire, l&rsquo;autre sur le climat, annonce Agn\u00e8s Pannier-Runacher"},"content":{"rendered":"\n<p>Le gouvernement va pr\u00e9senter deux lois avant la fin de l&rsquo;ann\u00e9e sur l&rsquo;\u00e9nergie, l&rsquo;une sur la r\u00e9forme de la suret\u00e9 nucl\u00e9aire, l&rsquo;autre sur le climat et un \u00ab\u00a0dispositif p\u00e9renne\u00a0\u00bb permettant \u00ab\u00a0de conserver parmi les prix les plus bas d&rsquo;Europe de l&rsquo;\u00e9lectricit\u00e9\u00a0\u00bb, a indiqu\u00e9 la ministre de la Transition \u00e9nerg\u00e9tique, Agn\u00e8s Pannier-Runacher.<\/p>\n\n\n\n<p>\u00ab\u00a0A moyen terme je porterai deux lois dans les mois \u00e0 venir pour r\u00e9former la gouvernance de notre syst\u00e8me de suret\u00e9 nucl\u00e9aire et pour reprendre le contr\u00f4le sur les prix de notre \u00e9lectricit\u00e9, plus largement sur l&rsquo;\u00e9nergie et le climat\u00a0\u00bb, a indiqu\u00e9 la ministre lors d&rsquo;un briefing t\u00e9l\u00e9phonique avec la presse, son cabinet pr\u00e9cisant que les deux textes avaient vocation \u00e0 \u00eatre pr\u00e9sent\u00e9s \u00ab\u00a0avant la fin de l&rsquo;ann\u00e9e\u00a0\u00bb.<\/p>\n\n\n\n<p>\u00ab\u00a0Il s&rsquo;agit de mettre en place un dispositif p\u00e9renne qui permette de conserver parmi les prix les plus bas d&rsquo;Europe tout en emp\u00eachant l&rsquo;envol\u00e9e des prix qu&rsquo;on a connue ces derniers mois, contenus par le dispositif d&rsquo;urgence qu&rsquo;est le bouclier\u00a0\u00bb, a pr\u00e9cis\u00e9 la ministre.<\/p>\n\n\n\n<p>Sur l&rsquo;aspect climat et programmation pluriannuelle de l&rsquo;\u00e9nergie, qui a aussi vocation \u00e0 \u00eatre inclus dans le m\u00eame texte, la ministre \u00ab\u00a0table sur le doublement de la production en mati\u00e8re de photovolta\u00efque et en mati\u00e8re de biogaz\u00a0\u00bb, sur \u00ab\u00a0la stabilisation de la trajectoire d&rsquo;\u00e9oliennes terrestres sur le rythme 2022, sur l&rsquo;acc\u00e9l\u00e9ration des \u00e9oliennes marines pour pouvoir lancer un appel d&rsquo;offre majeur fin 2024, d\u00e9but 2025\u00a0\u00bb.<\/p>\n\n\n\n<p>La ministre souhaite \u00e9galement un \u00ab\u00a0rehaussement des investissements dans les stockages type batteries ou STEP\u00a0\u00bb hydro-\u00e9lectriques.<\/p>\n\n\n\n<p>\u00ab\u00a0Dans cette programmation, nous int\u00e9grerons la relance du nucl\u00e9aire avec EDF qui a un objectif manag\u00e9rial de 400 TWh de production\u00a0\u00bb, a-t-elle ajout\u00e9, en pr\u00e9cisant que le gouvernement retiendrait \u00ab\u00a0360 TWh par prudence\u00a0\u00bb.<\/p>\n\n\n\n<p>Idem pour les \u00e9nergies renouvelables, le gouvernement souhaite retenir des objectifs de production un peu \u00ab\u00a0plus prudents\u00a0\u00bb que ce que la fili\u00e8re annonce \u00eatre en mesure de produire.<\/p>\n\n\n\n<p>\u00ab\u00a0Je ne veux pas qu&rsquo;on mette le syst\u00e8me en danger par des objectifs surestim\u00e9s\u00a0\u00bb a-t-elle dit.<\/p>\n\n\n\n<p>Sur les \u00e9nergies renouvelables, le cabinet de la ministre a indiqu\u00e9 qu&rsquo;un \u00ab\u00a0grand d\u00e9bat de six mois\u00a0\u00bb allait s&rsquo;ouvrir \u00ab\u00a0en novembre\u00a0\u00bb portant sur \u00ab\u00a0les quatre fa\u00e7ades maritimes\u00a0\u00bb. \u00ab\u00a0Cela va nous permettre de gagner \u00e0 peu pr\u00e8s deux ans par rapport aux proc\u00e9dures actuelles\u00a0\u00bb a indiqu\u00e9 la m\u00eame source.<\/p>\n\n\n\n<p>Emmanuel Macron, lundi, avait donn\u00e9 un aper\u00e7u du calendrier l\u00e9gislatif concernant l&rsquo;\u00e9nergie, qui n&rsquo;\u00e9tait jusqu&rsquo;\u00e0 pr\u00e9sent pas confirm\u00e9.<\/p>\n\n\n\n<p>\u00ab\u00a0La strat\u00e9gie que nous avons valid\u00e9e aujourd&rsquo;hui (&#8230;) permettra de mettre en consultation notre politique pluriannuelle de l&rsquo;\u00e9nergie d\u00e8s octobre, d&rsquo;avoir des r\u00e9unions politiques en octobre et novembre sur le d\u00e9ploiement de l&rsquo;\u00e9olien en mer, qui permettra de lancer le d\u00e9bat public sur l&rsquo;\u00e9olien en mer, et qui nous permettra de tenir l&rsquo;objectif des appels d&rsquo;offres sur l&rsquo;\u00e9olien en mer \u00e0 horizon fin 2024, ce qui est absolument cl\u00e9, et d&rsquo;avoir une loi sur la production d&rsquo;\u00e9nergie pour le mois de d\u00e9cembre\u00a0\u00bb, a-t-il d\u00e9clar\u00e9.<\/p>\n","protected":false},"excerpt":{"rendered":"<p>Le gouvernement va pr\u00e9senter deux lois avant la fin de l&rsquo;ann\u00e9e sur l&rsquo;\u00e9nergie, l&rsquo;une sur la r\u00e9forme de la suret\u00e9 nucl\u00e9aire, l&rsquo;autre sur le climat et un \u00ab\u00a0dispositif p\u00e9renne\u00a0\u00bb permettant \u00ab\u00a0de conserver parmi les prix les plus bas d&rsquo;Europe de l&rsquo;\u00e9lectricit\u00e9\u00a0\u00bb, a indiqu\u00e9 la ministre de la Transition \u00e9nerg\u00e9tique, Agn\u00e8s Pannier-Runacher. \u00ab\u00a0A moyen terme je [&hellip;]<\/p>\n","protected":false},"author":2,"featured_media":25651,"comment_status":"open","ping_status":"open","sticky":false,"template":"","format":"standard","meta":{"_jetpack_memberships_contains_paid_content":false,"footnotes":"","jetpack_publicize_message":"","jetpack_publicize_feature_enabled":true,"jetpack_social_post_already_shared":true,"jetpack_social_options":{"image_generator_settings":{"template":"highway","default_image_id":0,"font":"","enabled":false},"version":2},"_wpas_customize_per_network":false},"categories":[405],"tags":[],"class_list":["post-25650","post","type-post","status-publish","format-standard","has-post-thumbnail","hentry","category-actu-france-monde"],"jetpack_publicize_connections":[],"jetpack_featured_media_url":"https:\/\/i0.wp.com\/www.iceagetv.com\/radiosite\/wp-content\/uploads\/2023\/09\/Le-gouvernement-va-presenter-deux-lois-avant-la-fin-de-lannee-sur-lenergie.jpg?fit=679%2C293&ssl=1","jetpack_sharing_enabled":true,"_links":{"self":[{"href":"https:\/\/www.iceagetv.com\/radiosite\/wp-json\/wp\/v2\/posts\/25650","targetHints":{"allow":["GET"]}}],"collection":[{"href":"https:\/\/www.iceagetv.com\/radiosite\/wp-json\/wp\/v2\/posts"}],"about":[{"href":"https:\/\/www.iceagetv.com\/radiosite\/wp-json\/wp\/v2\/types\/post"}],"author":[{"embeddable":true,"href":"https:\/\/www.iceagetv.com\/radiosite\/wp-json\/wp\/v2\/users\/2"}],"replies":[{"embeddable":true,"href":"https:\/\/www.iceagetv.com\/radiosite\/wp-json\/wp\/v2\/comments?post=25650"}],"version-history":[{"count":1,"href":"https:\/\/www.iceagetv.com\/radiosite\/wp-json\/wp\/v2\/posts\/25650\/revisions"}],"predecessor-version":[{"id":25652,"href":"https:\/\/www.iceagetv.com\/radiosite\/wp-json\/wp\/v2\/posts\/25650\/revisions\/25652"}],"wp:featuredmedia":[{"embeddable":true,"href":"https:\/\/www.iceagetv.com\/radiosite\/wp-json\/wp\/v2\/media\/25651"}],"wp:attachment":[{"href":"https:\/\/www.iceagetv.com\/radiosite\/wp-json\/wp\/v2\/media?parent=25650"}],"wp:term":[{"taxonomy":"category","embeddable":true,"href":"https:\/\/www.iceagetv.com\/radiosite\/wp-json\/wp\/v2\/categories?post=25650"},{"taxonomy":"post_tag","embeddable":true,"href":"https:\/\/www.iceagetv.com\/radiosite\/wp-json\/wp\/v2\/tags?post=25650"}],"curies":[{"name":"wp","href":"https:\/\/api.w.org\/{rel}","templated":true}]}}