{"id":25655,"date":"2023-09-26T18:20:03","date_gmt":"2023-09-26T18:20:03","guid":{"rendered":"https:\/\/www.iceagetv.com\/radiosite\/?p=25655"},"modified":"2023-09-26T18:20:03","modified_gmt":"2023-09-26T18:20:03","slug":"disparition-de-lina-linquietude-saccroit-aucune-piste-nest-ecartee","status":"publish","type":"post","link":"https:\/\/www.iceagetv.com\/radiosite\/disparition-de-lina-linquietude-saccroit-aucune-piste-nest-ecartee\/","title":{"rendered":"Disparition de Lina: l&rsquo;inqui\u00e9tude s&rsquo;accro\u00eet, aucune piste n&rsquo;est \u00e9cart\u00e9e"},"content":{"rendered":"\n<p>L&rsquo;adolescente devait se rendre \u00e0 pied samedi matin de son domicile \u00e0 la gare de Saint-Blaise-la-Roche, \u00e0 trois kilom\u00e8tres de l\u00e0, o\u00f9 elle projetait de prendre le train vers midi pour Strasbourg o\u00f9 l&rsquo;attendait son petit ami.<\/p>\n\n\n\n<p>Ne la voyant pas arriver, celui-ci a appel\u00e9 la m\u00e8re de la jeune fille, qui a donn\u00e9 l&rsquo;alerte en appelant le 17 vers 14H15, a pr\u00e9cis\u00e9 la procureure de Saverne, Aline Cl\u00e9rot, lors d&rsquo;une conf\u00e9rence de presse.<\/p>\n\n\n\n<p>Des auditions dans l&rsquo;entourage de la jeune fille ont rapidement \u00e9t\u00e9 entam\u00e9es et la vid\u00e9osurveillance dans les rames des trains, ainsi qu&rsquo;\u00e0 la gare de Strasbourg ont \u00e9galement \u00e9t\u00e9 v\u00e9rifi\u00e9es.<\/p>\n\n\n\n<p>La mineure disparue n&rsquo;appara\u00eet pas sur les vid\u00e9os exploit\u00e9es\u00a0\u00bb, a soulign\u00e9 la procureure, sous-entendant que Lina n&rsquo;est jamais mont\u00e9e dans le train comme elle l&rsquo;avait pr\u00e9vu.<br>\u00ab\u00a0L&rsquo;enqu\u00eate a permis de v\u00e9rifier plusieurs \u00e9l\u00e9ments: deux t\u00e9moins ont vu Lina sur le trajet de la gare entre 11h15 et 11H30\u00a0\u00bb, a poursuivi Mme Cl\u00e9rot. \u00ab\u00a0Elle cheminait \u00e0 pied. Sur son itin\u00e9raire aucune trace sur la chauss\u00e9e ou sur le bas-c\u00f4t\u00e9 n&rsquo;a \u00e9t\u00e9 observ\u00e9e \u00e0 cette heure, \u00e9voquant la survenance d&rsquo;un accident de la route dont elle aurait \u00e9t\u00e9 victime.\u00a0\u00bb<\/p>\n\n\n\n<ul class=\"wp-block-list\">\n<li>Pas d&rsquo;indices d\u00e9terminants &#8211;<\/li>\n<\/ul>\n\n\n\n<p>La magistrate a \u00e9galement soulign\u00e9 que le t\u00e9l\u00e9phone de Lina \u00ab\u00a0n&rsquo;a pas \u00e9t\u00e9 retrouv\u00e9 au moment o\u00f9 je vous parle, il a cess\u00e9 d&rsquo;\u00e9mettre \u00e0 11H22 le jour de la disparition sur le secteur des recherches. Aucune activit\u00e9 bancaire sur son compte n&rsquo;a \u00e9t\u00e9 constat\u00e9e depuis la disparition de la jeune fille\u00a0\u00bb.<\/p>\n\n\n\n<p>La personnalit\u00e9 de Lina ne laisse pas penser qu&rsquo;elle aurait pu fuguer et les diff\u00e9rentes recherches et battues organis\u00e9es ces derniers jours dans ce secteur montagneux et bois\u00e9 n&rsquo;ont pas permis de d\u00e9couvrir d&rsquo;indices d\u00e9terminants, a encore soulign\u00e9 la procureure.<\/p>\n\n\n\n<p>\u00ab\u00a0Nous n&rsquo;\u00e9cartons toujours aucune piste et poursuivons activement les investigations qui s&rsquo;imposent\u00a0\u00bb, a-t-elle insist\u00e9.<\/p>\n\n\n\n<p>Les \u00e9tangs situ\u00e9s pr\u00e8s de la route que devait emprunter la jeune fille seront dragu\u00e9s dans les prochains jours.<\/p>\n\n\n\n<p>Mardi matin, une battue a rassembl\u00e9 pr\u00e8s de 400 personnes pr\u00e8s d&rsquo;un \u00e9tang de p\u00eache \u00e0 la sortie du village de 250 habitants, \u00e0 c\u00f4t\u00e9 de la petite route que devait emprunter Lina pour aller \u00e0 la gare.<\/p>\n","protected":false},"excerpt":{"rendered":"<p>L&rsquo;adolescente devait se rendre \u00e0 pied samedi matin de son domicile \u00e0 la gare de Saint-Blaise-la-Roche, \u00e0 trois kilom\u00e8tres de l\u00e0, o\u00f9 elle projetait de prendre le train vers midi pour Strasbourg o\u00f9 l&rsquo;attendait son petit ami. Ne la voyant pas arriver, celui-ci a appel\u00e9 la m\u00e8re de la jeune fille, qui a donn\u00e9 l&rsquo;alerte [&hellip;]<\/p>\n","protected":false},"author":2,"featured_media":25656,"comment_status":"open","ping_status":"open","sticky":false,"template":"","format":"standard","meta":{"_jetpack_memberships_contains_paid_content":false,"footnotes":"","jetpack_publicize_message":"","jetpack_publicize_feature_enabled":true,"jetpack_social_post_already_shared":true,"jetpack_social_options":{"image_generator_settings":{"template":"highway","default_image_id":0,"font":"","enabled":false},"version":2},"_wpas_customize_per_network":false},"categories":[405],"tags":[],"class_list":["post-25655","post","type-post","status-publish","format-standard","has-post-thumbnail","hentry","category-actu-france-monde"],"jetpack_publicize_connections":[],"jetpack_featured_media_url":"https:\/\/i0.wp.com\/www.iceagetv.com\/radiosite\/wp-content\/uploads\/2023\/09\/Disparition-de-Lina.jpg?fit=680%2C453&ssl=1","jetpack_sharing_enabled":true,"_links":{"self":[{"href":"https:\/\/www.iceagetv.com\/radiosite\/wp-json\/wp\/v2\/posts\/25655","targetHints":{"allow":["GET"]}}],"collection":[{"href":"https:\/\/www.iceagetv.com\/radiosite\/wp-json\/wp\/v2\/posts"}],"about":[{"href":"https:\/\/www.iceagetv.com\/radiosite\/wp-json\/wp\/v2\/types\/post"}],"author":[{"embeddable":true,"href":"https:\/\/www.iceagetv.com\/radiosite\/wp-json\/wp\/v2\/users\/2"}],"replies":[{"embeddable":true,"href":"https:\/\/www.iceagetv.com\/radiosite\/wp-json\/wp\/v2\/comments?post=25655"}],"version-history":[{"count":1,"href":"https:\/\/www.iceagetv.com\/radiosite\/wp-json\/wp\/v2\/posts\/25655\/revisions"}],"predecessor-version":[{"id":25657,"href":"https:\/\/www.iceagetv.com\/radiosite\/wp-json\/wp\/v2\/posts\/25655\/revisions\/25657"}],"wp:featuredmedia":[{"embeddable":true,"href":"https:\/\/www.iceagetv.com\/radiosite\/wp-json\/wp\/v2\/media\/25656"}],"wp:attachment":[{"href":"https:\/\/www.iceagetv.com\/radiosite\/wp-json\/wp\/v2\/media?parent=25655"}],"wp:term":[{"taxonomy":"category","embeddable":true,"href":"https:\/\/www.iceagetv.com\/radiosite\/wp-json\/wp\/v2\/categories?post=25655"},{"taxonomy":"post_tag","embeddable":true,"href":"https:\/\/www.iceagetv.com\/radiosite\/wp-json\/wp\/v2\/tags?post=25655"}],"curies":[{"name":"wp","href":"https:\/\/api.w.org\/{rel}","templated":true}]}}