{"id":25664,"date":"2023-09-27T15:50:40","date_gmt":"2023-09-27T15:50:40","guid":{"rendered":"https:\/\/www.iceagetv.com\/radiosite\/?p=25664"},"modified":"2023-09-27T15:50:40","modified_gmt":"2023-09-27T15:50:40","slug":"harcelement-scolaire-les-eleves-de-ce2-a-la-troisieme-vont-remplir-une-grille-dauto-evaluation-chaque-annee-saisine-systematique-du-procureur-en-cas-de-signalement-des-cours-dempathie","status":"publish","type":"post","link":"https:\/\/www.iceagetv.com\/radiosite\/harcelement-scolaire-les-eleves-de-ce2-a-la-troisieme-vont-remplir-une-grille-dauto-evaluation-chaque-annee-saisine-systematique-du-procureur-en-cas-de-signalement-des-cours-dempathie\/","title":{"rendered":"Harc\u00e8lement scolaire: Les \u00e9l\u00e8ves de CE2 \u00e0 la troisi\u00e8me vont remplir une grille d&rsquo;auto-\u00e9valuation chaque ann\u00e9e &#8211; Saisine \u00ab\u00a0syst\u00e9matique\u00a0\u00bb du procureur en cas de signalement &#8211; Des \u00ab\u00a0cours d&#8217;empathie\u00a0\u00bb \u00e0 l&rsquo;\u00e9cole, \u00e0 la rentr\u00e9e 2024"},"content":{"rendered":"\n<p>Gabriel Attal, ministre de l&rsquo;Education prend la parole: \u00ab\u00a0Nous avons besoin d&rsquo;un \u00e9lectrochoc\u00a0\u00bb.&nbsp;Nous devons collectivement nous hisser \u00e0 la hauteur de ce fl\u00e9au qu&rsquo;est le harc\u00e8lement scolaire. Ce plan, c&rsquo;est la preuve que l&rsquo;\u00e9lectrochoc a commenc\u00e9.\u00a0\u00bb. Et d&rsquo;ajouter.&nbsp;\u00ab\u00a0La parole s&rsquo;est lib\u00e9r\u00e9e consid\u00e9rablement depuis quelques semaines\u00a0\u00bb.<\/p>\n\n\n\n<p>\u00ab\u00a0Les t\u00e9moignages de harc\u00e8lement, les alertes venant du terrain (&#8230;) ont \u00e9t\u00e9 multipli\u00e9s par trois ces derni\u00e8res semaines par rapport \u00e0 ce que nous connaissions en septembre 2022.\u00a0\u00bb. Et d&rsquo;\u00e9voquer&nbsp;&nbsp;\u00ab\u00a0un tsunami de t\u00e9moignages\u00a0\u00bb&nbsp;depuis la rentr\u00e9e sur la question du harc\u00e8lement.<\/p>\n\n\n\n<p>Le travail avec les \u00e9l\u00e8ves doit commencer d\u00e8s \u00ables petites classes\u00bb, indique Gabriel Attal qui annonce le d\u00e9ploiement de cours d\u2019empathie.<\/p>\n\n\n\n<p>\u00abLa France va inscrire dans le cursus scolaire des cours d\u2019empathie, sur le mod\u00e8le de ce qui existe notamment au Danemark. D\u00e8s la rentr\u00e9e de janvier 2024, il y aura une \u00e9cole pilote par d\u00e9partement\u00bb, a-t-il d\u00e9clar\u00e9.<\/p>\n\n\n\n<p>Le ministre de l&rsquo;Education s&rsquo;adresse aussi aux adultes :&nbsp;\u00ab\u00a0continuez \u00e0 parler et \u00e0 \u00e9crire\u00a0\u00bb.&nbsp;\u00ab\u00a0Apr\u00e8s le temps de la parole, vient celui de l&rsquo;action\u00a0\u00bb, promet Gabriel Attal.<\/p>\n\n\n\n<p><strong>Gabriel Attal annonce \u00e9galement la g\u00e9n\u00e9ralisation de \u00abcours d&#8217;empathie\u00bb \u00e0 l&rsquo;\u00e9cole, \u00e0 la rentr\u00e9e 2024.\u00a0\u00bbLa France va inscrire dans le cursus scolaire des cours d&#8217;empathie sur le mod\u00e8le de ce qui existe dans d&rsquo;autres pays\u00a0\u00bb.<\/strong><\/p>\n\n\n\n<p><strong>La journ\u00e9e de lutte contre le harc\u00e8lement se tiendra le 9 novembre prochain. Et \u00e0 cette occasion, \u00abnous allons g\u00e9n\u00e9raliser et simplifier la lib\u00e9ration de la&nbsp;parole\u00bb, promet le ministre de l\u2019Education nationale.<\/strong><\/p>\n\n\n\n<p><strong>Cette ann\u00e9e, \u00abil y aura deux heures banalis\u00e9es dans tous les \u00e9tablissements scolaires d\u00e9di\u00e9es \u00e0 la lutte contre le harc\u00e8lement\u00bb, ajoute Gabriel Attal.<\/strong><\/p>\n\n\n\n<p>\u00ab\u00a0Chaque \u00e9l\u00e8ve de France a le droit au bonheur. (&#8230;) Ces comp\u00e9tences feront partie officiellement des savoirs fondamentaux de l&rsquo;\u00e9cole\u00a0\u00bb.<\/p>\n","protected":false},"excerpt":{"rendered":"<p>Gabriel Attal, ministre de l&rsquo;Education prend la parole: \u00ab\u00a0Nous avons besoin d&rsquo;un \u00e9lectrochoc\u00a0\u00bb.&nbsp;Nous devons collectivement nous hisser \u00e0 la hauteur de ce fl\u00e9au qu&rsquo;est le harc\u00e8lement scolaire. Ce plan, c&rsquo;est la preuve que l&rsquo;\u00e9lectrochoc a commenc\u00e9.\u00a0\u00bb. Et d&rsquo;ajouter.&nbsp;\u00ab\u00a0La parole s&rsquo;est lib\u00e9r\u00e9e consid\u00e9rablement depuis quelques semaines\u00a0\u00bb. \u00ab\u00a0Les t\u00e9moignages de harc\u00e8lement, les alertes venant du terrain (&#8230;) [&hellip;]<\/p>\n","protected":false},"author":2,"featured_media":25665,"comment_status":"open","ping_status":"open","sticky":false,"template":"","format":"standard","meta":{"_jetpack_memberships_contains_paid_content":false,"footnotes":"","jetpack_publicize_message":"","jetpack_publicize_feature_enabled":true,"jetpack_social_post_already_shared":true,"jetpack_social_options":{"image_generator_settings":{"template":"highway","default_image_id":0,"font":"","enabled":false},"version":2},"_wpas_customize_per_network":false},"categories":[405],"tags":[],"class_list":["post-25664","post","type-post","status-publish","format-standard","has-post-thumbnail","hentry","category-actu-france-monde"],"jetpack_publicize_connections":[],"jetpack_featured_media_url":"https:\/\/i0.wp.com\/www.iceagetv.com\/radiosite\/wp-content\/uploads\/2023\/09\/Harcelement-scolaire.jpg?fit=679%2C293&ssl=1","jetpack_sharing_enabled":true,"_links":{"self":[{"href":"https:\/\/www.iceagetv.com\/radiosite\/wp-json\/wp\/v2\/posts\/25664","targetHints":{"allow":["GET"]}}],"collection":[{"href":"https:\/\/www.iceagetv.com\/radiosite\/wp-json\/wp\/v2\/posts"}],"about":[{"href":"https:\/\/www.iceagetv.com\/radiosite\/wp-json\/wp\/v2\/types\/post"}],"author":[{"embeddable":true,"href":"https:\/\/www.iceagetv.com\/radiosite\/wp-json\/wp\/v2\/users\/2"}],"replies":[{"embeddable":true,"href":"https:\/\/www.iceagetv.com\/radiosite\/wp-json\/wp\/v2\/comments?post=25664"}],"version-history":[{"count":1,"href":"https:\/\/www.iceagetv.com\/radiosite\/wp-json\/wp\/v2\/posts\/25664\/revisions"}],"predecessor-version":[{"id":25666,"href":"https:\/\/www.iceagetv.com\/radiosite\/wp-json\/wp\/v2\/posts\/25664\/revisions\/25666"}],"wp:featuredmedia":[{"embeddable":true,"href":"https:\/\/www.iceagetv.com\/radiosite\/wp-json\/wp\/v2\/media\/25665"}],"wp:attachment":[{"href":"https:\/\/www.iceagetv.com\/radiosite\/wp-json\/wp\/v2\/media?parent=25664"}],"wp:term":[{"taxonomy":"category","embeddable":true,"href":"https:\/\/www.iceagetv.com\/radiosite\/wp-json\/wp\/v2\/categories?post=25664"},{"taxonomy":"post_tag","embeddable":true,"href":"https:\/\/www.iceagetv.com\/radiosite\/wp-json\/wp\/v2\/tags?post=25664"}],"curies":[{"name":"wp","href":"https:\/\/api.w.org\/{rel}","templated":true}]}}