{"id":25667,"date":"2023-09-28T04:33:37","date_gmt":"2023-09-28T04:33:37","guid":{"rendered":"https:\/\/www.iceagetv.com\/radiosite\/?p=25667"},"modified":"2023-09-28T04:33:37","modified_gmt":"2023-09-28T04:33:37","slug":"malaise-de-pierre-arditi-ce-matin-ses-jours-ne-sont-pas-en-danger-et-il-est-conscient-voici-ce-qui-sest-passe-hier-soir-sur-la-scene-du-theatre-edouard-vii-face-a-muriel-robin","status":"publish","type":"post","link":"https:\/\/www.iceagetv.com\/radiosite\/malaise-de-pierre-arditi-ce-matin-ses-jours-ne-sont-pas-en-danger-et-il-est-conscient-voici-ce-qui-sest-passe-hier-soir-sur-la-scene-du-theatre-edouard-vii-face-a-muriel-robin\/","title":{"rendered":"Malaise de Pierre Arditi : \u00ab\u00a0Ce matin, ses jours ne sont pas en danger et il est conscient\u00a0\u00bb &#8211; Voici ce qui s&rsquo;est pass\u00e9 hier soir sur la sc\u00e8ne du th\u00e9\u00e2tre Edouard VII face \u00e0 Muriel Robin"},"content":{"rendered":"\n<p>L&rsquo;acteur et com\u00e9dien de th\u00e9\u00e2tre Pierre Arditi, 78 ans, a fait un malaise hier soir alors qu&rsquo;il \u00e9tait sur la sc\u00e8ne du th\u00e9\u00e2tre Edouard VII \u00e0 Paris, a appris l&rsquo;AFP aupr\u00e8s de son entourage. Les faits se sont d\u00e9roul\u00e9s environ vingt minutes apr\u00e8s le d\u00e9but de la repr\u00e9sentation de \u00ab\u00a0Lapin\u00a0\u00bb, une pi\u00e8ce en duo avec Muriel Robin, ont pr\u00e9cis\u00e9 les sources.&nbsp;<\/p>\n\n\n\n<p>C&rsquo;est&nbsp;sa partenaire, Muriel Robin, qui,&nbsp;la premi\u00e8re, a remarqu\u00e9&nbsp;le comportement inhabituel du com\u00e9dien et, apr\u00e8s quelques secondes, a demand\u00e9 \u00e0 ce que le rideau soit baiss\u00e9. \u00ab\u00a0Il ne s&rsquo;est pas \u00e9croul\u00e9 sur sc\u00e8ne mais est rest\u00e9 immobile, comme t\u00e9tanis\u00e9. On voyait bien qu&rsquo;il ne bougeait plus\u00a0\u00bb,&nbsp;raconte un t\u00e9moin au Figaro.&nbsp;<\/p>\n\n\n\n<p><strong>\u00ab\u00a0Muriel Robin s&rsquo;est avanc\u00e9e, elle avait l&rsquo;air paniqu\u00e9e, le rideau est tomb\u00e9 et on nous a dit qu&rsquo;il fallait quitter la salle, que c&rsquo;\u00e9tait termin\u00e9. Puis une ambulance du Samu est arriv\u00e9e. Il a d\u00fb \u00eatre \u00e9vacu\u00e9 par-derri\u00e8re.\u00a0\u00bb<\/strong><\/p>\n\n\n\n<p>D&rsquo;abord incr\u00e9dule, le public a pris conscience de la gravit\u00e9 de la situation \u00e0&nbsp;l&rsquo;arriv\u00e9e sur sc\u00e8ne&nbsp;de la directrice du th\u00e9\u00e2tre demandant \u00e0 ce que la salle soit \u00e9vacu\u00e9e.&nbsp;<\/p>\n\n\n\n<p>La repr\u00e9sentation de cette pi\u00e8ce, tr\u00e8s attendue en cette rentr\u00e9e culturelle, a \u00e9t\u00e9 interrompue, le rideau&nbsp; a \u00e9t\u00e9 baiss\u00e9 et les spectateurs invit\u00e9s \u00e0 quitter la salle.<\/p>\n\n\n\n<p><strong>&nbsp;Pierre Arditi \u00e9tait conscient et il a \u00e9t\u00e9 \u00e9vacu\u00e9 \u00e0 l&rsquo;h\u00f4pital Lariboisi\u00e8re (Xe arrondissement de Paris) en&nbsp;\u00aburgence absolue\u00bb<\/strong>,&nbsp;selon une information de&nbsp;BFMTV.&nbsp;Il \u00e9tait accompagn\u00e9 notamment par son \u00e9pouse, \u00c9velyne Bouix, qui l&rsquo;a rejoint de m\u00eame que Muriel Robin.<\/p>\n\n\n\n<p><strong>\u00ab\u00a0Ses jours ne sont pas en danger\u00a0\u00bb, a indiqu\u00e9 en fin de soir\u00e9e son entourage. \u00ab\u00a0Il est conscient, il a \u00e9t\u00e9 hospitalis\u00e9 pour passer des examens, ses jours ne sont pas en danger\u00a0\u00bb, a pr\u00e9cis\u00e9 cette source, selon laquelle il ne s\u2019agit \u00ab pas d\u2019un AVC \u00bb, apr\u00e8s examen<\/strong><\/p>\n","protected":false},"excerpt":{"rendered":"<p>L&rsquo;acteur et com\u00e9dien de th\u00e9\u00e2tre Pierre Arditi, 78 ans, a fait un malaise hier soir alors qu&rsquo;il \u00e9tait sur la sc\u00e8ne du th\u00e9\u00e2tre Edouard VII \u00e0 Paris, a appris l&rsquo;AFP aupr\u00e8s de son entourage. Les faits se sont d\u00e9roul\u00e9s environ vingt minutes apr\u00e8s le d\u00e9but de la repr\u00e9sentation de \u00ab\u00a0Lapin\u00a0\u00bb, une pi\u00e8ce en duo avec [&hellip;]<\/p>\n","protected":false},"author":2,"featured_media":25668,"comment_status":"open","ping_status":"open","sticky":false,"template":"","format":"standard","meta":{"_jetpack_memberships_contains_paid_content":false,"footnotes":"","jetpack_publicize_message":"","jetpack_publicize_feature_enabled":true,"jetpack_social_post_already_shared":true,"jetpack_social_options":{"image_generator_settings":{"template":"highway","default_image_id":0,"font":"","enabled":false},"version":2},"_wpas_customize_per_network":false},"categories":[405],"tags":[],"class_list":["post-25667","post","type-post","status-publish","format-standard","has-post-thumbnail","hentry","category-actu-france-monde"],"jetpack_publicize_connections":[],"jetpack_featured_media_url":"https:\/\/i0.wp.com\/www.iceagetv.com\/radiosite\/wp-content\/uploads\/2023\/09\/robin_arditi_0.jpg?fit=920%2C397&ssl=1","jetpack_sharing_enabled":true,"_links":{"self":[{"href":"https:\/\/www.iceagetv.com\/radiosite\/wp-json\/wp\/v2\/posts\/25667","targetHints":{"allow":["GET"]}}],"collection":[{"href":"https:\/\/www.iceagetv.com\/radiosite\/wp-json\/wp\/v2\/posts"}],"about":[{"href":"https:\/\/www.iceagetv.com\/radiosite\/wp-json\/wp\/v2\/types\/post"}],"author":[{"embeddable":true,"href":"https:\/\/www.iceagetv.com\/radiosite\/wp-json\/wp\/v2\/users\/2"}],"replies":[{"embeddable":true,"href":"https:\/\/www.iceagetv.com\/radiosite\/wp-json\/wp\/v2\/comments?post=25667"}],"version-history":[{"count":1,"href":"https:\/\/www.iceagetv.com\/radiosite\/wp-json\/wp\/v2\/posts\/25667\/revisions"}],"predecessor-version":[{"id":25669,"href":"https:\/\/www.iceagetv.com\/radiosite\/wp-json\/wp\/v2\/posts\/25667\/revisions\/25669"}],"wp:featuredmedia":[{"embeddable":true,"href":"https:\/\/www.iceagetv.com\/radiosite\/wp-json\/wp\/v2\/media\/25668"}],"wp:attachment":[{"href":"https:\/\/www.iceagetv.com\/radiosite\/wp-json\/wp\/v2\/media?parent=25667"}],"wp:term":[{"taxonomy":"category","embeddable":true,"href":"https:\/\/www.iceagetv.com\/radiosite\/wp-json\/wp\/v2\/categories?post=25667"},{"taxonomy":"post_tag","embeddable":true,"href":"https:\/\/www.iceagetv.com\/radiosite\/wp-json\/wp\/v2\/tags?post=25667"}],"curies":[{"name":"wp","href":"https:\/\/api.w.org\/{rel}","templated":true}]}}