{"id":25673,"date":"2023-09-29T13:42:08","date_gmt":"2023-09-29T13:42:08","guid":{"rendered":"https:\/\/www.iceagetv.com\/radiosite\/?p=25673"},"modified":"2023-09-29T13:42:08","modified_gmt":"2023-09-29T13:42:08","slug":"lagence-francaise-des-frequences-anfr-a-valide-la-mise-a-jour-proposee-par-apple-pour-abaisser-la-puissance-de-liphone-12-dont-la-commercialisation-avait-ete-suspendue","status":"publish","type":"post","link":"https:\/\/www.iceagetv.com\/radiosite\/lagence-francaise-des-frequences-anfr-a-valide-la-mise-a-jour-proposee-par-apple-pour-abaisser-la-puissance-de-liphone-12-dont-la-commercialisation-avait-ete-suspendue\/","title":{"rendered":"L&rsquo;Agence fran\u00e7aise des fr\u00e9quences (ANFR) a valid\u00e9 la mise \u00e0 jour propos\u00e9e par Apple pour abaisser la puissance de l&rsquo;iPhone 12, dont la commercialisation avait \u00e9t\u00e9 suspendue"},"content":{"rendered":"\n<p>L&rsquo;Agence fran\u00e7aise des fr\u00e9quences (ANFR), charg\u00e9e de contr\u00f4ler le niveau d&rsquo;\u00e9missions d&rsquo;ondes radio par les appareils \u00e9lectroniques, a valid\u00e9 la mise \u00e0 jour propos\u00e9e par Apple pour abaisser la puissance de l&rsquo;iPhone 12, dont la commercialisation avait \u00e9t\u00e9 suspendue, selon un communiqu\u00e9.<\/p>\n\n\n\n<p>\u00ab\u00a0Les tests confirment que cette \u00e9volution logicielle permet \u00e0 cet appareil de respecter la valeur limite de DAS localis\u00e9 +membre+ (qui correspond \u00e0 l&rsquo;\u00e9nergie absorb\u00e9e par le corps humain lorsque le t\u00e9l\u00e9phone est tenu dans la main, ndlr), et donc de respecter les normes en vigueur\u00a0\u00bb, a indiqu\u00e9 l&rsquo;agence.<\/p>\n\n\n\n<p>\u00ab\u00a0Il appartient d\u00e9sormais \u00e0 Apple de diffuser cette mise \u00e0 jour logicielle \u00e0 tous les utilisateurs d&rsquo;iPhone 12\u00a0\u00bb, poursuit-elle, apr\u00e8s quoi l&rsquo;interdiction de la commercialisation de l&rsquo;appareil pourra \u00eatre lev\u00e9e.<\/p>\n\n\n\n<p>Dans le d\u00e9tail, la valeur du DAS \u00ab\u00a0membre\u00a0\u00bb, qui atteignait 5,74 Watts par kilogramme lors des pr\u00e9c\u00e9dents tests, a \u00e9t\u00e9 ramen\u00e9e \u00e0 3,94 W\/kg, juste en dessous de la valeur limite de 4 W\/kg.<\/p>\n\n\n\n<p>Le soir du 13 septembre, alors qu&rsquo;Apple c\u00e9l\u00e9brait la pr\u00e9sentation de son nouveau mod\u00e8le, l&rsquo;iPhone 15, l&rsquo;ANFR et le ministre du Num\u00e9rique Jean-No\u00ebl Barrot avaient surpris le monde des t\u00e9l\u00e9coms et de nombreux usagers en annon\u00e7ant la suspension en France de la commercialisation de cet appareil sorti en 2020 et d\u00e9j\u00e0 en fin de carri\u00e8re, except\u00e9 \u00e0 la revente.<\/p>\n\n\n\n<p>L&rsquo;ANFR fait r\u00e9guli\u00e8rement baisser la puissance d&rsquo;\u00e9mission des smartphones. Mais il s&rsquo;agissait d&rsquo;une premi\u00e8re pour Apple.<\/p>\n\n\n\n<p>Apr\u00e8s avoir d\u00e9fendu la validit\u00e9 de ses propres mesures, le groupe am\u00e9ricain avait fini par se plier aux exigences de l&rsquo;agence fran\u00e7aise en annon\u00e7ant pr\u00e9parer une mise \u00e0 jour.<\/p>\n\n\n\n<p>Selon l&rsquo;Organisation mondiale de la sant\u00e9 (OMS), \u00ab\u00a0rien n&rsquo;indique pour l&rsquo;instant que l&rsquo;exposition \u00e0 des champs \u00e9lectromagn\u00e9tiques de faible intensit\u00e9 soit dangereuse pour la sant\u00e9 humaine\u00a0\u00bb et, ce, \u00ab\u00a0malgr\u00e9 de nombreuses recherches\u00a0\u00bb.<\/p>\n","protected":false},"excerpt":{"rendered":"<p>L&rsquo;Agence fran\u00e7aise des fr\u00e9quences (ANFR), charg\u00e9e de contr\u00f4ler le niveau d&rsquo;\u00e9missions d&rsquo;ondes radio par les appareils \u00e9lectroniques, a valid\u00e9 la mise \u00e0 jour propos\u00e9e par Apple pour abaisser la puissance de l&rsquo;iPhone 12, dont la commercialisation avait \u00e9t\u00e9 suspendue, selon un communiqu\u00e9. \u00ab\u00a0Les tests confirment que cette \u00e9volution logicielle permet \u00e0 cet appareil de respecter [&hellip;]<\/p>\n","protected":false},"author":2,"featured_media":25674,"comment_status":"open","ping_status":"open","sticky":false,"template":"","format":"standard","meta":{"_jetpack_memberships_contains_paid_content":false,"footnotes":"","jetpack_publicize_message":"","jetpack_publicize_feature_enabled":true,"jetpack_social_post_already_shared":true,"jetpack_social_options":{"image_generator_settings":{"template":"highway","default_image_id":0,"font":"","enabled":false},"version":2},"_wpas_customize_per_network":false},"categories":[16],"tags":[],"class_list":["post-25673","post","type-post","status-publish","format-standard","has-post-thumbnail","hentry","category-actu-high-tech"],"jetpack_publicize_connections":[],"jetpack_featured_media_url":"https:\/\/i0.wp.com\/www.iceagetv.com\/radiosite\/wp-content\/uploads\/2023\/09\/LAgence-francaise-des-frequences.jpg?fit=679%2C293&ssl=1","jetpack_sharing_enabled":true,"_links":{"self":[{"href":"https:\/\/www.iceagetv.com\/radiosite\/wp-json\/wp\/v2\/posts\/25673","targetHints":{"allow":["GET"]}}],"collection":[{"href":"https:\/\/www.iceagetv.com\/radiosite\/wp-json\/wp\/v2\/posts"}],"about":[{"href":"https:\/\/www.iceagetv.com\/radiosite\/wp-json\/wp\/v2\/types\/post"}],"author":[{"embeddable":true,"href":"https:\/\/www.iceagetv.com\/radiosite\/wp-json\/wp\/v2\/users\/2"}],"replies":[{"embeddable":true,"href":"https:\/\/www.iceagetv.com\/radiosite\/wp-json\/wp\/v2\/comments?post=25673"}],"version-history":[{"count":1,"href":"https:\/\/www.iceagetv.com\/radiosite\/wp-json\/wp\/v2\/posts\/25673\/revisions"}],"predecessor-version":[{"id":25675,"href":"https:\/\/www.iceagetv.com\/radiosite\/wp-json\/wp\/v2\/posts\/25673\/revisions\/25675"}],"wp:featuredmedia":[{"embeddable":true,"href":"https:\/\/www.iceagetv.com\/radiosite\/wp-json\/wp\/v2\/media\/25674"}],"wp:attachment":[{"href":"https:\/\/www.iceagetv.com\/radiosite\/wp-json\/wp\/v2\/media?parent=25673"}],"wp:term":[{"taxonomy":"category","embeddable":true,"href":"https:\/\/www.iceagetv.com\/radiosite\/wp-json\/wp\/v2\/categories?post=25673"},{"taxonomy":"post_tag","embeddable":true,"href":"https:\/\/www.iceagetv.com\/radiosite\/wp-json\/wp\/v2\/tags?post=25673"}],"curies":[{"name":"wp","href":"https:\/\/api.w.org\/{rel}","templated":true}]}}