{"id":25685,"date":"2023-10-01T18:25:36","date_gmt":"2023-10-01T18:25:36","guid":{"rendered":"https:\/\/www.iceagetv.com\/radiosite\/?p=25685"},"modified":"2023-10-01T18:25:36","modified_gmt":"2023-10-01T18:25:36","slug":"turquie-le-pkk-revendique-lattentat-suicide-a-ankara","status":"publish","type":"post","link":"https:\/\/www.iceagetv.com\/radiosite\/turquie-le-pkk-revendique-lattentat-suicide-a-ankara\/","title":{"rendered":"Turquie\u00a0: Le PKK revendique l\u2019attentat suicide \u00e0 Ankara"},"content":{"rendered":"\n<p>Le PKK, organisation politique arm\u00e9e kurde, a revendiqu\u00e9&nbsp;<a href=\"https:\/\/www.20minutes.fr\/faits_divers\/4055583-20231001-turquie-forte-explosion-pres-parlement-ankara-qualifiee-attentat-terroriste\">l\u2019attentat suicide<\/a>&nbsp;qui a frapp\u00e9 ce matin le si\u00e8ge de la police \u00e0 Ankara, capitale de la&nbsp;<a href=\"https:\/\/www.20minutes.fr\/monde\/turquie\/\">Turquie<\/a>. Deux policiers ont \u00e9t\u00e9 bless\u00e9s lors de cet attentat, tandis que deux assaillants sont morts. \u00ab&nbsp;Les sc\u00e9l\u00e9rats qui menacent la paix et la s\u00e9curit\u00e9 des citoyens n\u2019ont pas atteint leurs objectifs et ne les atteindront jamais&nbsp;\u00bb, avait r\u00e9agi le pr\u00e9sident&nbsp;<a href=\"https:\/\/www.20minutes.fr\/monde\/recep_tayyip_erdogan\/\">Recep Tayyip Erdogan<\/a>&nbsp;devant les d\u00e9put\u00e9s.<\/p>\n\n\n\n<p>\u00ab&nbsp;Une action de sacrifice a \u00e9t\u00e9 commise contre le minist\u00e8re turc de l\u2019Int\u00e9rieur par une \u00e9quipe d\u00e9pendant de notre Brigade des immortels&nbsp;\u00bb, a affirm\u00e9 le groupe arm\u00e9, consid\u00e9r\u00e9 comme terroriste par la Turquie et plusieurs pays occidentaux, \u00e0 l\u2019agence de presse ANF proche du mouvement kurde. C\u2019est la premi\u00e8re attaque dont le PKK revendique la responsabilit\u00e9 depuis septembre&nbsp;2022 o\u00f9 il avait tu\u00e9 un policier \u00e0 Mersin.<\/p>\n\n\n\n<h2 class=\"wp-block-heading\">Les images interdites de diffusion<\/h2>\n\n\n\n<p>C\u2019est la premi\u00e8re attaque dont le\u00a0<a href=\"https:\/\/www.20minutes.fr\/monde\/pkk\/\">PKK\u00a0<\/a>revendique la responsabilit\u00e9 depuis septembre\u00a02022 o\u00f9 il avait tu\u00e9 un policier \u00e0 Mersin. Le PKK est au c\u0153ur de la controverse entre la Turquie et la\u00a0<a href=\"https:\/\/www.20minutes.fr\/dossier\/suede\">Su\u00e8de<\/a>, \u00e0 propos de l\u2019entr\u00e9e de cette derni\u00e8re dans l\u2019<a href=\"https:\/\/www.20minutes.fr\/monde\/otan\/\">Otan<\/a>\u00a0que le Parlement turc, qui reprenait dimanche ses travaux, est suppos\u00e9 valider apr\u00e8s dix-sept mois d\u2019attente.<\/p>\n\n\n\n<p>Le ministre de l\u2019Int\u00e9rieur, Ali Yerlikaya, a pr\u00e9cis\u00e9 devant la presse que l\u2019un des deux assaillants d\u2019Ankara s\u2019est fait exploser et que l\u2019autre a \u00e9t\u00e9 abattu \u00ab&nbsp;d\u2019une balle dans la t\u00eate&nbsp;\u00bb. Le si\u00e8ge de la police vis\u00e9, situ\u00e9 dans la m\u00eame enceinte du minist\u00e8re de l\u2019Int\u00e9rieur, se trouve \u00e0 proximit\u00e9 du parlement. L\u2019explosion de forte puissance a \u00e9t\u00e9 entendue \u00e0 plusieurs kilom\u00e8tres \u00e0 la ronde&nbsp;: une vid\u00e9o enregistr\u00e9e par une cam\u00e9ra de surveillance montre un v\u00e9hicule gris qui se gare lentement devant le si\u00e8ge de la police. Le passager avant en sort et s\u2019avance arme \u00e0 la main, tire et se fait exploser devant la gu\u00e9rite du policier en faction.<\/p>\n","protected":false},"excerpt":{"rendered":"<p>Le PKK, organisation politique arm\u00e9e kurde, a revendiqu\u00e9&nbsp;l\u2019attentat suicide&nbsp;qui a frapp\u00e9 ce matin le si\u00e8ge de la police \u00e0 Ankara, capitale de la&nbsp;Turquie. Deux policiers ont \u00e9t\u00e9 bless\u00e9s lors de cet attentat, tandis que deux assaillants sont morts. \u00ab&nbsp;Les sc\u00e9l\u00e9rats qui menacent la paix et la s\u00e9curit\u00e9 des citoyens n\u2019ont pas atteint leurs objectifs et [&hellip;]<\/p>\n","protected":false},"author":2,"featured_media":25686,"comment_status":"open","ping_status":"open","sticky":false,"template":"","format":"standard","meta":{"_jetpack_memberships_contains_paid_content":false,"footnotes":"","jetpack_publicize_message":"","jetpack_publicize_feature_enabled":true,"jetpack_social_post_already_shared":true,"jetpack_social_options":{"image_generator_settings":{"template":"highway","default_image_id":0,"font":"","enabled":false},"version":2},"_wpas_customize_per_network":false},"categories":[405],"tags":[],"class_list":["post-25685","post","type-post","status-publish","format-standard","has-post-thumbnail","hentry","category-actu-france-monde"],"jetpack_publicize_connections":[],"jetpack_featured_media_url":"https:\/\/i0.wp.com\/www.iceagetv.com\/radiosite\/wp-content\/uploads\/2023\/10\/Turquie-Le-PKK-revendique-lattentat-suicide-a-Ankara.jpg?fit=540%2C378&ssl=1","jetpack_sharing_enabled":true,"_links":{"self":[{"href":"https:\/\/www.iceagetv.com\/radiosite\/wp-json\/wp\/v2\/posts\/25685","targetHints":{"allow":["GET"]}}],"collection":[{"href":"https:\/\/www.iceagetv.com\/radiosite\/wp-json\/wp\/v2\/posts"}],"about":[{"href":"https:\/\/www.iceagetv.com\/radiosite\/wp-json\/wp\/v2\/types\/post"}],"author":[{"embeddable":true,"href":"https:\/\/www.iceagetv.com\/radiosite\/wp-json\/wp\/v2\/users\/2"}],"replies":[{"embeddable":true,"href":"https:\/\/www.iceagetv.com\/radiosite\/wp-json\/wp\/v2\/comments?post=25685"}],"version-history":[{"count":1,"href":"https:\/\/www.iceagetv.com\/radiosite\/wp-json\/wp\/v2\/posts\/25685\/revisions"}],"predecessor-version":[{"id":25687,"href":"https:\/\/www.iceagetv.com\/radiosite\/wp-json\/wp\/v2\/posts\/25685\/revisions\/25687"}],"wp:featuredmedia":[{"embeddable":true,"href":"https:\/\/www.iceagetv.com\/radiosite\/wp-json\/wp\/v2\/media\/25686"}],"wp:attachment":[{"href":"https:\/\/www.iceagetv.com\/radiosite\/wp-json\/wp\/v2\/media?parent=25685"}],"wp:term":[{"taxonomy":"category","embeddable":true,"href":"https:\/\/www.iceagetv.com\/radiosite\/wp-json\/wp\/v2\/categories?post=25685"},{"taxonomy":"post_tag","embeddable":true,"href":"https:\/\/www.iceagetv.com\/radiosite\/wp-json\/wp\/v2\/tags?post=25685"}],"curies":[{"name":"wp","href":"https:\/\/api.w.org\/{rel}","templated":true}]}}