{"id":25692,"date":"2023-10-02T16:35:53","date_gmt":"2023-10-02T16:35:53","guid":{"rendered":"https:\/\/www.iceagetv.com\/radiosite\/?p=25692"},"modified":"2023-10-02T16:35:53","modified_gmt":"2023-10-02T16:35:53","slug":"six-mineurs-mis-en-cause-dans-lassassinat-du-professeur-samuel-paty-seront-juges-du-27-novembre-au-8-decembre-par-le-tribunal-des-enfants-a-paris","status":"publish","type":"post","link":"https:\/\/www.iceagetv.com\/radiosite\/six-mineurs-mis-en-cause-dans-lassassinat-du-professeur-samuel-paty-seront-juges-du-27-novembre-au-8-decembre-par-le-tribunal-des-enfants-a-paris\/","title":{"rendered":"Six mineurs mis en cause dans l&rsquo;assassinat du professeur Samuel Paty seront jug\u00e9s du 27 novembre au 8 d\u00e9cembre par le tribunal des enfants \u00e0 Paris"},"content":{"rendered":"\n<p>ix mineurs mis en cause&nbsp;dans l&rsquo;assassinat du professeur Samuel Paty&nbsp;seront jug\u00e9s du 27 novembre au 8 d\u00e9cembre par le tribunal des enfants \u00e0 Paris, a indiqu\u00e9 une source judiciaire.<\/p>\n\n\n\n<p>L&rsquo;audience se tiendra \u00e0 huis clos.<\/p>\n\n\n\n<p>Cinq d&rsquo;entre eux compara\u00eetront pour association de malfaiteurs en vue de pr\u00e9parer des violences aggrav\u00e9es. Ils sont accus\u00e9s d&rsquo;avoir surveill\u00e9 les abords du coll\u00e8ge et d\u00e9sign\u00e9 l&rsquo;enseignant \u00e0 l&rsquo;assaillant, contre r\u00e9mun\u00e9ration.<\/p>\n\n\n\n<p>Une sixi\u00e8me adolescente, qui \u00e9tait \u00e2g\u00e9e de 13 ans au moment des faits, sera pour sa part jug\u00e9e pour d\u00e9nonciation calomnieuse, apr\u00e8s avoir reconnu un mensonge quant \u00e0 la teneur d&rsquo;un cours de Samuel Paty auquel elle n&rsquo;avait en r\u00e9alit\u00e9 pas assist\u00e9.<\/p>\n\n\n\n<p>Elle avait racont\u00e9 que lors de ce cours, l&rsquo;enseignant avait demand\u00e9 aux \u00e9l\u00e8ves musulmans de se signaler et de sortir avant de montrer des caricatures du proph\u00e8te Mahomet.<\/p>\n\n\n\n<p>Ce mensonge a \u00e9t\u00e9 \u00e0 l&rsquo;origine de la violente campagne aliment\u00e9e sur les r\u00e9seaux sociaux par le p\u00e8re de cette coll\u00e9gienne, Brahim Chnina, et le militant islamiste Abdelhakim Sefrioui, dont l&rsquo;assaillant, Abdoullakh Anzorov, avait pris connaissance.<\/p>\n\n\n\n<p>MM. Chnina et Sefrioui seront de leur c\u00f4t\u00e9 jug\u00e9s plus tard pour association de malfaiteurs terroriste criminelle devant les assises.<\/p>\n\n\n\n<p>Le 16 octobre 2020, l&rsquo;enseignant en histoire-g\u00e9ographie de 47 ans avait \u00e9t\u00e9 poignard\u00e9 puis d\u00e9capit\u00e9 pr\u00e8s de son coll\u00e8ge \u00e0 Conflans-Sainte-Honorine (Yvelines) par Abdoullakh Anzorov, un r\u00e9fugi\u00e9 russe d&rsquo;origine tch\u00e9tch\u00e8ne.<\/p>\n\n\n\n<p>Cet islamiste radicalis\u00e9 avait \u00e9t\u00e9 abattu dans la foul\u00e9e par la police.<\/p>\n\n\n\n<p>Dans un message audio en russe, il avait revendiqu\u00e9 son geste en se f\u00e9licitant d&rsquo;avoir \u00ab\u00a0veng\u00e9 le Proph\u00e8te\u00a0\u00bb.<\/p>\n\n\n\n<p>Dans cette affaire qui avait suscit\u00e9 un immense \u00e9moi en France et \u00e0 l&rsquo;\u00e9tranger, six autres personnes seront aussi jug\u00e9es devant les assises: deux amis de l&rsquo;assaillant le seront pour complicit\u00e9 d&rsquo;assassinat terroriste et quatre autres pour association de malfaiteurs terroriste criminelle.<\/p>\n","protected":false},"excerpt":{"rendered":"<p>ix mineurs mis en cause&nbsp;dans l&rsquo;assassinat du professeur Samuel Paty&nbsp;seront jug\u00e9s du 27 novembre au 8 d\u00e9cembre par le tribunal des enfants \u00e0 Paris, a indiqu\u00e9 une source judiciaire. L&rsquo;audience se tiendra \u00e0 huis clos. Cinq d&rsquo;entre eux compara\u00eetront pour association de malfaiteurs en vue de pr\u00e9parer des violences aggrav\u00e9es. Ils sont accus\u00e9s d&rsquo;avoir surveill\u00e9 [&hellip;]<\/p>\n","protected":false},"author":2,"featured_media":25693,"comment_status":"open","ping_status":"open","sticky":false,"template":"","format":"standard","meta":{"_jetpack_memberships_contains_paid_content":false,"footnotes":"","jetpack_publicize_message":"","jetpack_publicize_feature_enabled":true,"jetpack_social_post_already_shared":true,"jetpack_social_options":{"image_generator_settings":{"template":"highway","default_image_id":0,"font":"","enabled":false},"version":2},"_wpas_customize_per_network":false},"categories":[405],"tags":[],"class_list":["post-25692","post","type-post","status-publish","format-standard","has-post-thumbnail","hentry","category-actu-france-monde"],"jetpack_publicize_connections":[],"jetpack_featured_media_url":"https:\/\/i0.wp.com\/www.iceagetv.com\/radiosite\/wp-content\/uploads\/2023\/10\/Six-mineurs-mis-en-cause-dans-lassassinat-du-professeur-Samuel-Paty.jpg?fit=679%2C293&ssl=1","jetpack_sharing_enabled":true,"_links":{"self":[{"href":"https:\/\/www.iceagetv.com\/radiosite\/wp-json\/wp\/v2\/posts\/25692","targetHints":{"allow":["GET"]}}],"collection":[{"href":"https:\/\/www.iceagetv.com\/radiosite\/wp-json\/wp\/v2\/posts"}],"about":[{"href":"https:\/\/www.iceagetv.com\/radiosite\/wp-json\/wp\/v2\/types\/post"}],"author":[{"embeddable":true,"href":"https:\/\/www.iceagetv.com\/radiosite\/wp-json\/wp\/v2\/users\/2"}],"replies":[{"embeddable":true,"href":"https:\/\/www.iceagetv.com\/radiosite\/wp-json\/wp\/v2\/comments?post=25692"}],"version-history":[{"count":1,"href":"https:\/\/www.iceagetv.com\/radiosite\/wp-json\/wp\/v2\/posts\/25692\/revisions"}],"predecessor-version":[{"id":25694,"href":"https:\/\/www.iceagetv.com\/radiosite\/wp-json\/wp\/v2\/posts\/25692\/revisions\/25694"}],"wp:featuredmedia":[{"embeddable":true,"href":"https:\/\/www.iceagetv.com\/radiosite\/wp-json\/wp\/v2\/media\/25693"}],"wp:attachment":[{"href":"https:\/\/www.iceagetv.com\/radiosite\/wp-json\/wp\/v2\/media?parent=25692"}],"wp:term":[{"taxonomy":"category","embeddable":true,"href":"https:\/\/www.iceagetv.com\/radiosite\/wp-json\/wp\/v2\/categories?post=25692"},{"taxonomy":"post_tag","embeddable":true,"href":"https:\/\/www.iceagetv.com\/radiosite\/wp-json\/wp\/v2\/tags?post=25692"}],"curies":[{"name":"wp","href":"https:\/\/api.w.org\/{rel}","templated":true}]}}