{"id":25695,"date":"2023-10-02T16:37:49","date_gmt":"2023-10-02T16:37:49","guid":{"rendered":"https:\/\/www.iceagetv.com\/radiosite\/?p=25695"},"modified":"2023-10-02T16:37:49","modified_gmt":"2023-10-02T16:37:49","slug":"coronavirus-une-nouvelle-campagne-de-vaccination-contre-le-covid-19-ciblee-sur-les-populations-les-plus-a-risque-demarre-ce-lundi","status":"publish","type":"post","link":"https:\/\/www.iceagetv.com\/radiosite\/coronavirus-une-nouvelle-campagne-de-vaccination-contre-le-covid-19-ciblee-sur-les-populations-les-plus-a-risque-demarre-ce-lundi\/","title":{"rendered":"Coronavirus: Une nouvelle campagne de vaccination contre le Covid-19, cibl\u00e9e sur les populations les plus \u00e0 risque, d\u00e9marre ce lundi"},"content":{"rendered":"\n<p>Une nouvelle campagne de vaccination contre le Covid-19, cibl\u00e9e sur les populations les plus \u00e0 risque, d\u00e9marre ce lundi, le gouvernement ayant d\u00e9cid\u00e9 de l&rsquo;avancer pour faire face \u00e0 la reprise \u00e9pid\u00e9mique. \u00ab\u00a0Le virus circule, chacun de nous peut voir des cas autour de lui. L&rsquo;\u00e9pid\u00e9mie, elle est l\u00e0\u00a0\u00bb, d\u00e9clarait mi-septembre \u00e0 l&rsquo;AFP le ministre de la Sant\u00e9 Aur\u00e9lien Rousseau pour justifier cette d\u00e9cision d&rsquo;acc\u00e9l\u00e9rer finalement le dispositif.<\/p>\n\n\n\n<p>Initialement, la vaccination anti-Covid devait s&rsquo;effectuer en m\u00eame temps que celle contre la grippe, \u00e0 partir du 17 octobre. Mais le virus s&rsquo;est une nouvelle fois invit\u00e9 dans le calendrier de la rentr\u00e9e, apr\u00e8s avoir resurgi au coeur de l&rsquo;\u00e9t\u00e9. Bien que le syst\u00e8me de surveillance du virus ait \u00e9t\u00e9 consid\u00e9rablement all\u00e9g\u00e9, le rebond de l&rsquo;\u00e9pid\u00e9mie, confirm\u00e9 par les quelques indicateurs encore disponibles, ne fait aucun doute.<\/p>\n\n\n\n<p>Face \u00e0 cette situation, le Comit\u00e9 de veille et d&rsquo;anticipation des risques sanitaires (Covars) a recommand\u00e9 mi-septembre \u00ab\u00a0l&rsquo;acc\u00e8s au rappel vaccinal d\u00e8s que possible\u00a0\u00bb. Celui-ci ciblera essentiellement les plus de 65 ans, les personnes fragiles, atteintes de comorbidit\u00e9s, les femmes enceintes, les r\u00e9sidents d&rsquo;Ehpad ou encore les personnes au contact de personnes fragiles.<\/p>\n\n\n\n<p>Toute autre personne souhaitant un rappel pourra y pr\u00e9tendre gratuitement, \u00e0 condition de respecter un d\u00e9lai de six mois apr\u00e8s sa derni\u00e8re injection ou infection au Covid. Cette vaccination pourra \u00eatre r\u00e9alis\u00e9e en ville, par un m\u00e9decin, un pharmacien, mais aussi un infirmier, une sage-femme, ou m\u00eame un dentiste.<\/p>\n\n\n\n<p>Pour cette nouvelle campagne, les vaccins \u00e0 ARN messager (ARNm), adapt\u00e9s au variant XXB.1.5 (sous-variant d&rsquo;Omicron), tr\u00e8s r\u00e9pandu, sont pr\u00e9conis\u00e9s en premi\u00e8re intention, quel que soit le vaccin administr\u00e9 pr\u00e9c\u00e9demment. Ils devraient \u00eatre plus efficaces contre les diff\u00e9rents variants circulant le plus actuellement, notamment EG.5.1.<\/p>\n\n\n\n<p>Parall\u00e8lement \u00e0 la vaccination, les autorit\u00e9s sanitaires continuent de recommander les gestes barri\u00e8res, essentiellement en cas d&rsquo;infection. Mais ce message semble moins entendu, trois ans et demi apr\u00e8s le d\u00e9but de l&rsquo;\u00e9pid\u00e9mie.<\/p>\n","protected":false},"excerpt":{"rendered":"<p>Une nouvelle campagne de vaccination contre le Covid-19, cibl\u00e9e sur les populations les plus \u00e0 risque, d\u00e9marre ce lundi, le gouvernement ayant d\u00e9cid\u00e9 de l&rsquo;avancer pour faire face \u00e0 la reprise \u00e9pid\u00e9mique. \u00ab\u00a0Le virus circule, chacun de nous peut voir des cas autour de lui. L&rsquo;\u00e9pid\u00e9mie, elle est l\u00e0\u00a0\u00bb, d\u00e9clarait mi-septembre \u00e0 l&rsquo;AFP le ministre [&hellip;]<\/p>\n","protected":false},"author":2,"featured_media":25696,"comment_status":"open","ping_status":"open","sticky":false,"template":"","format":"standard","meta":{"_jetpack_memberships_contains_paid_content":false,"footnotes":"","jetpack_publicize_message":"","jetpack_publicize_feature_enabled":true,"jetpack_social_post_already_shared":true,"jetpack_social_options":{"image_generator_settings":{"template":"highway","default_image_id":0,"font":"","enabled":false},"version":2},"_wpas_customize_per_network":false},"categories":[405],"tags":[],"class_list":["post-25695","post","type-post","status-publish","format-standard","has-post-thumbnail","hentry","category-actu-france-monde"],"jetpack_publicize_connections":[],"jetpack_featured_media_url":"https:\/\/i0.wp.com\/www.iceagetv.com\/radiosite\/wp-content\/uploads\/2023\/10\/Une-nouvelle-campagne-de-vaccination-contre-le-Covid-19.jpg?fit=679%2C293&ssl=1","jetpack_sharing_enabled":true,"_links":{"self":[{"href":"https:\/\/www.iceagetv.com\/radiosite\/wp-json\/wp\/v2\/posts\/25695","targetHints":{"allow":["GET"]}}],"collection":[{"href":"https:\/\/www.iceagetv.com\/radiosite\/wp-json\/wp\/v2\/posts"}],"about":[{"href":"https:\/\/www.iceagetv.com\/radiosite\/wp-json\/wp\/v2\/types\/post"}],"author":[{"embeddable":true,"href":"https:\/\/www.iceagetv.com\/radiosite\/wp-json\/wp\/v2\/users\/2"}],"replies":[{"embeddable":true,"href":"https:\/\/www.iceagetv.com\/radiosite\/wp-json\/wp\/v2\/comments?post=25695"}],"version-history":[{"count":1,"href":"https:\/\/www.iceagetv.com\/radiosite\/wp-json\/wp\/v2\/posts\/25695\/revisions"}],"predecessor-version":[{"id":25697,"href":"https:\/\/www.iceagetv.com\/radiosite\/wp-json\/wp\/v2\/posts\/25695\/revisions\/25697"}],"wp:featuredmedia":[{"embeddable":true,"href":"https:\/\/www.iceagetv.com\/radiosite\/wp-json\/wp\/v2\/media\/25696"}],"wp:attachment":[{"href":"https:\/\/www.iceagetv.com\/radiosite\/wp-json\/wp\/v2\/media?parent=25695"}],"wp:term":[{"taxonomy":"category","embeddable":true,"href":"https:\/\/www.iceagetv.com\/radiosite\/wp-json\/wp\/v2\/categories?post=25695"},{"taxonomy":"post_tag","embeddable":true,"href":"https:\/\/www.iceagetv.com\/radiosite\/wp-json\/wp\/v2\/tags?post=25695"}],"curies":[{"name":"wp","href":"https:\/\/api.w.org\/{rel}","templated":true}]}}