{"id":25698,"date":"2023-10-04T04:04:25","date_gmt":"2023-10-04T04:04:25","guid":{"rendered":"https:\/\/www.iceagetv.com\/radiosite\/?p=25698"},"modified":"2023-10-04T04:04:25","modified_gmt":"2023-10-04T04:04:25","slug":"le-journaliste-politique-jean-pierre-elkabbach-est-decede-a-lage-de-86-ans-ancien-patron-de-france-tele-et-deurope-1-interviewer-politique-de-talent-il-marque-le-monde-des-medias-pendant-des-d","status":"publish","type":"post","link":"https:\/\/www.iceagetv.com\/radiosite\/le-journaliste-politique-jean-pierre-elkabbach-est-decede-a-lage-de-86-ans-ancien-patron-de-france-tele-et-deurope-1-interviewer-politique-de-talent-il-marque-le-monde-des-medias-pendant-des-d\/","title":{"rendered":"Le journaliste politique Jean-Pierre Elkabbach est d\u00e9c\u00e9d\u00e9 \u00e0 l&rsquo;\u00e2ge de 86 ans : Ancien patron de France T\u00e9l\u00e9 et d&rsquo;Europe 1, interviewer politique de talent, il marqu\u00e9 le monde des m\u00e9dias pendant des d\u00e9cennies"},"content":{"rendered":"\n<p>Jean-Pierre Elkabbach est mort. Journaliste et pr\u00e9sentateur d\u2019\u00e9missions politiques depuis les ann\u00e9es 1960, principalement sur les cha\u00eenes de t\u00e9l\u00e9vision fran\u00e7aise, il occupe diff\u00e9rents postes de direction au sein du groupe Lagard\u00e8re Media, \u00e9tant notamment pr\u00e9sident d&rsquo;Europe 1 de 2005 \u00e0 2008.<\/p>\n\n\n\n<p>De janvier 2018 \u00e0 l&rsquo;\u00e9t\u00e9 2019, apr\u00e8s \u00eatre devenu conseiller du pr\u00e9sident de la cha\u00eene d\u2019information en continu CNews, \u00e0 plus de 80 ans il intervient quotidiennement dans la matinale de la cha\u00eene, pour y r\u00e9aliser une interview politique d&rsquo;une dizaine de minutes.<\/p>\n\n\n\n<p>Apr\u00e8s une interruption pour raisons de sant\u00e9, il reprend l\u2019antenne sur la cha\u00eene en animant une \u00e9mission d\u2019interviews chaque dimanche pendant une heure vers la fin d\u2019apr\u00e8s-midi. En ao\u00fbt 2021, il effectue son grand retour sur l&rsquo;antenne d&rsquo;Europe 1.<\/p>\n","protected":false},"excerpt":{"rendered":"<p>Jean-Pierre Elkabbach est mort. Journaliste et pr\u00e9sentateur d\u2019\u00e9missions politiques depuis les ann\u00e9es 1960, principalement sur les cha\u00eenes de t\u00e9l\u00e9vision fran\u00e7aise, il occupe diff\u00e9rents postes de direction au sein du groupe Lagard\u00e8re Media, \u00e9tant notamment pr\u00e9sident d&rsquo;Europe 1 de 2005 \u00e0 2008. De janvier 2018 \u00e0 l&rsquo;\u00e9t\u00e9 2019, apr\u00e8s \u00eatre devenu conseiller du pr\u00e9sident de la [&hellip;]<\/p>\n","protected":false},"author":2,"featured_media":25699,"comment_status":"open","ping_status":"open","sticky":false,"template":"","format":"standard","meta":{"_jetpack_memberships_contains_paid_content":false,"footnotes":"","jetpack_publicize_message":"","jetpack_publicize_feature_enabled":true,"jetpack_social_post_already_shared":true,"jetpack_social_options":{"image_generator_settings":{"template":"highway","default_image_id":0,"font":"","enabled":false},"version":2},"_wpas_customize_per_network":false},"categories":[68],"tags":[],"class_list":["post-25698","post","type-post","status-publish","format-standard","has-post-thumbnail","hentry","category-actu-culturelle"],"jetpack_publicize_connections":[],"jetpack_featured_media_url":"https:\/\/i0.wp.com\/www.iceagetv.com\/radiosite\/wp-content\/uploads\/2023\/10\/b9710501853z.1_20161212112953_000g2c85hj4r.1-0_0.jpg?fit=920%2C397&ssl=1","jetpack_sharing_enabled":true,"_links":{"self":[{"href":"https:\/\/www.iceagetv.com\/radiosite\/wp-json\/wp\/v2\/posts\/25698","targetHints":{"allow":["GET"]}}],"collection":[{"href":"https:\/\/www.iceagetv.com\/radiosite\/wp-json\/wp\/v2\/posts"}],"about":[{"href":"https:\/\/www.iceagetv.com\/radiosite\/wp-json\/wp\/v2\/types\/post"}],"author":[{"embeddable":true,"href":"https:\/\/www.iceagetv.com\/radiosite\/wp-json\/wp\/v2\/users\/2"}],"replies":[{"embeddable":true,"href":"https:\/\/www.iceagetv.com\/radiosite\/wp-json\/wp\/v2\/comments?post=25698"}],"version-history":[{"count":1,"href":"https:\/\/www.iceagetv.com\/radiosite\/wp-json\/wp\/v2\/posts\/25698\/revisions"}],"predecessor-version":[{"id":25700,"href":"https:\/\/www.iceagetv.com\/radiosite\/wp-json\/wp\/v2\/posts\/25698\/revisions\/25700"}],"wp:featuredmedia":[{"embeddable":true,"href":"https:\/\/www.iceagetv.com\/radiosite\/wp-json\/wp\/v2\/media\/25699"}],"wp:attachment":[{"href":"https:\/\/www.iceagetv.com\/radiosite\/wp-json\/wp\/v2\/media?parent=25698"}],"wp:term":[{"taxonomy":"category","embeddable":true,"href":"https:\/\/www.iceagetv.com\/radiosite\/wp-json\/wp\/v2\/categories?post=25698"},{"taxonomy":"post_tag","embeddable":true,"href":"https:\/\/www.iceagetv.com\/radiosite\/wp-json\/wp\/v2\/tags?post=25698"}],"curies":[{"name":"wp","href":"https:\/\/api.w.org\/{rel}","templated":true}]}}