{"id":25701,"date":"2023-10-04T11:17:31","date_gmt":"2023-10-04T11:17:31","guid":{"rendered":"https:\/\/www.iceagetv.com\/radiosite\/?p=25701"},"modified":"2023-10-04T11:17:31","modified_gmt":"2023-10-04T11:17:31","slug":"un-bus-tombe-dun-pont-et-secrase-au-sol-a-venise-le-bilan-fait-etat-de-21-morts-dont-au-moins-2-enfants-une-vingtaine-de-personnes-blessees-le-maire-de-venise-a-decrete-une-journee-de-deuil","status":"publish","type":"post","link":"https:\/\/www.iceagetv.com\/radiosite\/un-bus-tombe-dun-pont-et-secrase-au-sol-a-venise-le-bilan-fait-etat-de-21-morts-dont-au-moins-2-enfants-une-vingtaine-de-personnes-blessees-le-maire-de-venise-a-decrete-une-journee-de-deuil\/","title":{"rendered":"Un bus tombe d&rsquo;un pont et s&rsquo;\u00e9crase au sol \u00e0 Venise: Le bilan fait \u00e9tat de 21 morts dont au moins 2 enfants &#8211; Une vingtaine de personnes bless\u00e9es &#8211; Le maire de Venise a d\u00e9cr\u00e9t\u00e9 une journ\u00e9e de deuil"},"content":{"rendered":"\n<p>Les enqu\u00eateurs cherchent \u00e0 identifier les victimes qui ne portaient pas sur elles de documents d&rsquo;identit\u00e9, notamment en effectuant des recoupement avec les registres du camping o\u00f9 elles s\u00e9journaient. Le pr\u00e9fet de Venise, qui a ouvert une enqu\u00eate, a annonc\u00e9 une conf\u00e9rence de presse en milieu de journ\u00e9e avec les pompiers, les services de sant\u00e9 et la police.<\/p>\n\n\n\n<p><strong>: Le point sur ce que l&rsquo;on sait<\/strong><\/p>\n\n\n\n<p>Les drapeaux des b\u00e2timents officiels \u00e9taient en berne mercredi \u00e0 Venise au lendemain d\u2019un terrible accident de bus de tourisme, tomb\u00e9 en contrebas d\u2019une voie rapide, qui a fait au moins 21 morts &#8211; dont deux enfants &#8211; parmi lesquels quatre Ukrainiens, un Fran\u00e7ais et un Allemand.<\/p>\n\n\n\n<p>\u00ab&nbsp;Le bus s\u2019est retourn\u00e9. L\u2019impact a \u00e9t\u00e9 terrible parce qu\u2019il a fait une chute de plus de 10 m\u00e8tres&nbsp;\u00bb et s\u2019est \u00e9cras\u00e9 pr\u00e8s d\u2019une voie ferr\u00e9e en contrebas, a expliqu\u00e9 le chef des pompiers v\u00e9nitiens, Mauro Luongo, aux journalistes sur place.<\/p>\n\n\n\n<p>Le bus transportait une quarantaine de touristes italiens et \u00e9trangers qui venaient de visiter le centre historique de la S\u00e9r\u00e9nissime sur la lagune et retournaient dans leur camping, peu apr\u00e8s 19H30 (17H30 GMT). Pour une raison encore ind\u00e9termin\u00e9e, le v\u00e9hicule, qui circulait sur un pont, a enfonc\u00e9 le rail de s\u00e9curit\u00e9 et a \u00e9t\u00e9 pr\u00e9cipit\u00e9 dans le vide, s\u2019\u00e9crasant en contrebas pr\u00e8s d\u2019une voie ferr\u00e9e entre Mestre et Marghera, deux localit\u00e9s faisant partie de la commune de Venise et donnant sur sa c\u00e9l\u00e8bre lagune. Le maire de Venise Luigi Brugnaro a d\u00e9crit \u00ab&nbsp;une sc\u00e8ne apocalyptique&nbsp;\u00bb.<\/p>\n\n\n\n<p>Selon les pompiers, le bus fonctionnait \u00e0 l\u2019\u00e9lectricit\u00e9, et non au m\u00e9thane comme indiqu\u00e9 dans un premier temps par le ministre de l\u2019Int\u00e9rieur. Les secours ont pass\u00e9 des heures \u00e0 extraire les victimes de la carcasse du bus, qui a \u00e9t\u00e9 enlev\u00e9e \u00e0 l\u2019aube, permettant de rouvrir la route \u00e0 la circulation, selon un correspondant de l\u2019AFP sur place.<\/p>\n\n\n\n<p>Le chef des pompiers a expliqu\u00e9 que \u00ab&nbsp;parmi les difficult\u00e9s rencontr\u00e9es figurait le fait que le bus \u00e9tait \u00e9lectrique et avait donc des batteries. Malheureusement, elles ont pris feu au moment de l\u2019impact&nbsp;\u00bb. Le bilan n\u2019a pas \u00e9volu\u00e9 dans la nuit: 21 personnes ont p\u00e9ri, et au moins 15 ont \u00e9t\u00e9 bless\u00e9es, dont cinq sont dans un \u00e9tat \u00ab&nbsp;tr\u00e8s grave&nbsp;\u00bb, selon le pr\u00e9sident de r\u00e9gion V\u00e9n\u00e9tie, Luca Zaia.<\/p>\n\n\n\n<p>Parmi les victimes d\u00e9c\u00e9d\u00e9es, un enfant d\u2019un an et un adolescent. M. Zaia a \u00e9galement mentionn\u00e9 un Allemand, un Croate et un Fran\u00e7ais, en plus du chauffeur italien. Le minist\u00e8re ukrainien des Affaires \u00e9trang\u00e8res a indiqu\u00e9 \u00e0 l\u2019AFP que quatre Ukrainiens avaient \u00e9t\u00e9 tu\u00e9s et quatre autres bless\u00e9s.<\/p>\n\n\n\n<p>En outre, selon l\u2019agence de presse autrichienne APA, parmi les bless\u00e9s figurent deux mineurs autrichiens, un gar\u00e7on de 13 ans et sa soeur de trois ans.e maire de Venise a d\u00e9cr\u00e9t\u00e9 une journ\u00e9e de deuil aujourd&rsquo;hui au lendemain d\u2019un accident de bus de tourisme, tomb\u00e9 en contrebas d\u2019une voie rapide, qui a fait au moins 21 morts &#8211; dont deux enfants &#8211; parmi lesquels des Ukrainiens, des Fran\u00e7ais et des Allemands. Les drapeaux des b\u00e2timents officiels de la r\u00e9gion V\u00e9n\u00e9tie ont \u00e9t\u00e9 mis en berne \u00e0 la demande de son pr\u00e9sident, Luca Zaia.<\/p>\n\n\n\n<p>Le ministre de l&rsquo;Int\u00e9rieur Matteo Piantedosi a d\u00e9clar\u00e9 que \u00ab\u00a0le facteur aggravant a \u00e9t\u00e9 l&rsquo;alimentation au m\u00e9thane (du v\u00e9hicule), donc le feu s&rsquo;est propag\u00e9 rapidement\u00a0\u00bb. \u00ab\u00a0Le bilan est tragique et dramatique mais je crains qu&rsquo;il ne monte\u00a0\u00bb, a-t-il dit au journal t\u00e9l\u00e9vis\u00e9 de la cha\u00eene publique Rai1.<\/p>\n\n\n\n<p>Interrog\u00e9 sur les causes de l&rsquo;accident, le vice-Premier ministre Matteo Salvini, \u00e9galement ministre des Transports, a \u00e9voqu\u00e9 sur la cha\u00eene Rete4 \u00ab\u00a0l&rsquo;hypoth\u00e8se d&rsquo;un malaise du chauffeur\u00a0\u00bb.<\/p>\n","protected":false},"excerpt":{"rendered":"<p>Les enqu\u00eateurs cherchent \u00e0 identifier les victimes qui ne portaient pas sur elles de documents d&rsquo;identit\u00e9, notamment en effectuant des recoupement avec les registres du camping o\u00f9 elles s\u00e9journaient. Le pr\u00e9fet de Venise, qui a ouvert une enqu\u00eate, a annonc\u00e9 une conf\u00e9rence de presse en milieu de journ\u00e9e avec les pompiers, les services de sant\u00e9 [&hellip;]<\/p>\n","protected":false},"author":2,"featured_media":25702,"comment_status":"open","ping_status":"open","sticky":false,"template":"","format":"standard","meta":{"_jetpack_memberships_contains_paid_content":false,"footnotes":"","jetpack_publicize_message":"","jetpack_publicize_feature_enabled":true,"jetpack_social_post_already_shared":true,"jetpack_social_options":{"image_generator_settings":{"template":"highway","default_image_id":0,"font":"","enabled":false},"version":2},"_wpas_customize_per_network":false},"categories":[405],"tags":[],"class_list":["post-25701","post","type-post","status-publish","format-standard","has-post-thumbnail","hentry","category-actu-france-monde"],"jetpack_publicize_connections":[],"jetpack_featured_media_url":"https:\/\/i0.wp.com\/www.iceagetv.com\/radiosite\/wp-content\/uploads\/2023\/10\/Un-bus-tombe-dun-pont-et-secrase-au-sol-a-Venise.jpg?fit=679%2C293&ssl=1","jetpack_sharing_enabled":true,"_links":{"self":[{"href":"https:\/\/www.iceagetv.com\/radiosite\/wp-json\/wp\/v2\/posts\/25701","targetHints":{"allow":["GET"]}}],"collection":[{"href":"https:\/\/www.iceagetv.com\/radiosite\/wp-json\/wp\/v2\/posts"}],"about":[{"href":"https:\/\/www.iceagetv.com\/radiosite\/wp-json\/wp\/v2\/types\/post"}],"author":[{"embeddable":true,"href":"https:\/\/www.iceagetv.com\/radiosite\/wp-json\/wp\/v2\/users\/2"}],"replies":[{"embeddable":true,"href":"https:\/\/www.iceagetv.com\/radiosite\/wp-json\/wp\/v2\/comments?post=25701"}],"version-history":[{"count":1,"href":"https:\/\/www.iceagetv.com\/radiosite\/wp-json\/wp\/v2\/posts\/25701\/revisions"}],"predecessor-version":[{"id":25703,"href":"https:\/\/www.iceagetv.com\/radiosite\/wp-json\/wp\/v2\/posts\/25701\/revisions\/25703"}],"wp:featuredmedia":[{"embeddable":true,"href":"https:\/\/www.iceagetv.com\/radiosite\/wp-json\/wp\/v2\/media\/25702"}],"wp:attachment":[{"href":"https:\/\/www.iceagetv.com\/radiosite\/wp-json\/wp\/v2\/media?parent=25701"}],"wp:term":[{"taxonomy":"category","embeddable":true,"href":"https:\/\/www.iceagetv.com\/radiosite\/wp-json\/wp\/v2\/categories?post=25701"},{"taxonomy":"post_tag","embeddable":true,"href":"https:\/\/www.iceagetv.com\/radiosite\/wp-json\/wp\/v2\/tags?post=25701"}],"curies":[{"name":"wp","href":"https:\/\/api.w.org\/{rel}","templated":true}]}}