{"id":25704,"date":"2023-10-04T15:26:25","date_gmt":"2023-10-04T15:26:25","guid":{"rendered":"https:\/\/www.iceagetv.com\/radiosite\/?p=25704"},"modified":"2023-10-04T15:26:25","modified_gmt":"2023-10-04T15:26:25","slug":"disparition-de-lina-la-maman-de-la-jeune-fille-lance-un-appel-aux-journalistes-en-leur-demandant-de-ne-pas-relayer-des-informations-non-verifiees-et-demande-a-ne-plus-etre-contactee","status":"publish","type":"post","link":"https:\/\/www.iceagetv.com\/radiosite\/disparition-de-lina-la-maman-de-la-jeune-fille-lance-un-appel-aux-journalistes-en-leur-demandant-de-ne-pas-relayer-des-informations-non-verifiees-et-demande-a-ne-plus-etre-contactee\/","title":{"rendered":"Disparition de Lina : La maman de la jeune fille lance un appel aux journalistes en leur demandant de \u00ab\u00a0ne pas relayer des informations non v\u00e9rifi\u00e9es\u00a0\u00bb et demande \u00e0 ne plus \u00eatre contact\u00e9e"},"content":{"rendered":"\n<p>La maman de l\u2019adolescente de 15 ans, qui a disparu le 23 septembre dans le Bas-Rhin, \u00ab appelle \u00e0 ne pas relayer d\u2019informations non v\u00e9rifi\u00e9es \u00bb et \u00e0 \u00ab laisser l\u2019enqu\u00eate suivre son cours \u00bb, a indiqu\u00e9 mercredi son avocat, ma\u00eetre Matthieu Airoldi. Elle appelle \u00e9galement \u00ab \u00e0 ne pas accorder de cr\u00e9dit \u00e0 des dires \u00e9manant d\u2019une autre personne que son avocat \u00bb, insiste dans un communiqu\u00e9 le conseil du barreau de Strasbourg.<\/p>\n\n\n\n<p>\u00ab&nbsp;<strong>Elle souhaite ne plus \u00eatre contact\u00e9e par la presse et ne s\u2019exprimera plus en interview, ni pour la t\u00e9l\u00e9vision, ni pour les journaux<\/strong>&nbsp;\u00bb, poursuit-il.<\/p>\n\n\n\n<p>\u00ab Il est demand\u00e9 le respect de l\u2019intimit\u00e9 familiale et de la vie priv\u00e9e compte tenu de la douleur engendr\u00e9e par la disparition de Lina. \u00bb<\/p>\n\n\n\n<p>L&rsquo;adolescente de 15 ans s\u2019est \u00e9vapor\u00e9e dans la nature ce samedi 23 septembre \u00e0 Plaine, dans le Bas-Rhin. Selon la brigade de gendarmerie de Schirmeck, la jeune fille est partie \u00e0 pied de chez elle vers 11h15 pour rejoindre la gare de Saint-Blaise-La-Roche, situ\u00e9e \u00e0 environ 3 kilom\u00e8tres de son domicile. L\u00e0, elle devait prendre le train pour rejoindre son petit ami \u00e0 Strabourg. Mais elle n\u2019est jamais arriv\u00e9e jusqu&rsquo;\u00e0 la gare.&nbsp;<\/p>\n","protected":false},"excerpt":{"rendered":"<p>La maman de l\u2019adolescente de 15 ans, qui a disparu le 23 septembre dans le Bas-Rhin, \u00ab appelle \u00e0 ne pas relayer d\u2019informations non v\u00e9rifi\u00e9es \u00bb et \u00e0 \u00ab laisser l\u2019enqu\u00eate suivre son cours \u00bb, a indiqu\u00e9 mercredi son avocat, ma\u00eetre Matthieu Airoldi. Elle appelle \u00e9galement \u00ab \u00e0 ne pas accorder de cr\u00e9dit \u00e0 des [&hellip;]<\/p>\n","protected":false},"author":2,"featured_media":25705,"comment_status":"open","ping_status":"open","sticky":false,"template":"","format":"standard","meta":{"_jetpack_memberships_contains_paid_content":false,"footnotes":"","jetpack_publicize_message":"","jetpack_publicize_feature_enabled":true,"jetpack_social_post_already_shared":true,"jetpack_social_options":{"image_generator_settings":{"template":"highway","default_image_id":0,"font":"","enabled":false},"version":2},"_wpas_customize_per_network":false},"categories":[405],"tags":[],"class_list":["post-25704","post","type-post","status-publish","format-standard","has-post-thumbnail","hentry","category-actu-france-monde"],"jetpack_publicize_connections":[],"jetpack_featured_media_url":"https:\/\/i0.wp.com\/www.iceagetv.com\/radiosite\/wp-content\/uploads\/2023\/10\/Disparition-de-Lina.jpg?fit=679%2C293&ssl=1","jetpack_sharing_enabled":true,"_links":{"self":[{"href":"https:\/\/www.iceagetv.com\/radiosite\/wp-json\/wp\/v2\/posts\/25704","targetHints":{"allow":["GET"]}}],"collection":[{"href":"https:\/\/www.iceagetv.com\/radiosite\/wp-json\/wp\/v2\/posts"}],"about":[{"href":"https:\/\/www.iceagetv.com\/radiosite\/wp-json\/wp\/v2\/types\/post"}],"author":[{"embeddable":true,"href":"https:\/\/www.iceagetv.com\/radiosite\/wp-json\/wp\/v2\/users\/2"}],"replies":[{"embeddable":true,"href":"https:\/\/www.iceagetv.com\/radiosite\/wp-json\/wp\/v2\/comments?post=25704"}],"version-history":[{"count":1,"href":"https:\/\/www.iceagetv.com\/radiosite\/wp-json\/wp\/v2\/posts\/25704\/revisions"}],"predecessor-version":[{"id":25706,"href":"https:\/\/www.iceagetv.com\/radiosite\/wp-json\/wp\/v2\/posts\/25704\/revisions\/25706"}],"wp:featuredmedia":[{"embeddable":true,"href":"https:\/\/www.iceagetv.com\/radiosite\/wp-json\/wp\/v2\/media\/25705"}],"wp:attachment":[{"href":"https:\/\/www.iceagetv.com\/radiosite\/wp-json\/wp\/v2\/media?parent=25704"}],"wp:term":[{"taxonomy":"category","embeddable":true,"href":"https:\/\/www.iceagetv.com\/radiosite\/wp-json\/wp\/v2\/categories?post=25704"},{"taxonomy":"post_tag","embeddable":true,"href":"https:\/\/www.iceagetv.com\/radiosite\/wp-json\/wp\/v2\/tags?post=25704"}],"curies":[{"name":"wp","href":"https:\/\/api.w.org\/{rel}","templated":true}]}}