{"id":25719,"date":"2023-10-06T18:22:29","date_gmt":"2023-10-06T18:22:29","guid":{"rendered":"https:\/\/www.iceagetv.com\/radiosite\/?p=25719"},"modified":"2023-10-06T18:22:29","modified_gmt":"2023-10-06T18:22:29","slug":"le-veteran-du-journalisme-politique-et-ancien-president-deurope-1-et-france-televisions-jean-pierre-elkabbach-a-ete-inhume-aujourdhui-a-paris-en-presence-de-nombreuses-personnalites","status":"publish","type":"post","link":"https:\/\/www.iceagetv.com\/radiosite\/le-veteran-du-journalisme-politique-et-ancien-president-deurope-1-et-france-televisions-jean-pierre-elkabbach-a-ete-inhume-aujourdhui-a-paris-en-presence-de-nombreuses-personnalites\/","title":{"rendered":"Le v\u00e9t\u00e9ran du journalisme politique et ancien pr\u00e9sident d&rsquo;Europe 1 et France T\u00e9l\u00e9visions Jean-Pierre Elkabbach a \u00e9t\u00e9 inhum\u00e9 aujourd&rsquo;hui \u00e0 Paris, en pr\u00e9sence de nombreuses personnalit\u00e9s"},"content":{"rendered":"\n<p>Le v\u00e9t\u00e9ran du journalisme politique et ancien pr\u00e9sident d&rsquo;Europe 1 et France T\u00e9l\u00e9visions Jean-Pierre Elkabbach a \u00e9t\u00e9 inhum\u00e9 aujourd&rsquo;hui au cimeti\u00e8re du Montparnasse \u00e0 Paris, en pr\u00e9sence de nombreuses personnalit\u00e9s politiques et du monde des m\u00e9dias, a constat\u00e9 l&rsquo;AFP. L&rsquo;ex-pr\u00e9sident Fran\u00e7ois Hollande, la Premi\u00e8re dame Brigitte Macron, les anciens ministres de droite Brice Hortefeux et Fran\u00e7ois Baroin ont assist\u00e9 \u00e0 la c\u00e9r\u00e9monie, apr\u00e8s le d\u00e9c\u00e8s de ce professionnel infatigable \u00e0 86 ans mardi.<\/p>\n\n\n\n<p>Suivant le Grand Rabbin de France Ha\u00efm Korsia au micro, Emmanuelle Bach, sa fille actrice, a dit adieu \u00e0 un p\u00e8re \u00ab\u00a0hors norme en toute chose\u00a0\u00bb.<\/p>\n\n\n\n<p>Son compagnon de route et ami Alain Duhamel a vant\u00e9 le \u00ab\u00a0meilleur\u00a0\u00bb intervieweur \u00ab\u00a0pendant un demi-si\u00e8cle\u00a0\u00bb, au \u00ab\u00a0temp\u00e9rament magnifique\u00a0\u00bb, qui avait \u00ab\u00a0une relation unique avec le pouvoir\u00a0\u00bb.<\/p>\n\n\n\n<p>Parfois brocard\u00e9 pour ses amiti\u00e9s politiques suppos\u00e9es (de Val\u00e9ry Giscard d&rsquo;Estaing \u00e0 Nicolas Sarkozy ou Fran\u00e7ois Hollande), \u00ab\u00a0il a \u00e9t\u00e9 pour les journalistes une star contest\u00e9e\u00a0\u00bb mais \u00ab\u00a0va devenir un mythe incomparable\u00a0\u00bb dans les r\u00e9dactions, a pari\u00e9 cet ancien partenaire dans \u00ab\u00a0Cartes sur table\u00a0\u00bb sur Antenne 2.<\/p>\n\n\n\n<p>En pr\u00e9sence du pr\u00e9sident Emmanuel Macron, France T\u00e9l\u00e9visions rendra hommage lundi \u00e0 son ancien patron, en donnant son nom au b\u00e2timent principal de son si\u00e8ge parisien. Apr\u00e8s avoir \u00e9t\u00e9 \u00e0 la t\u00eate de l&rsquo;information d&rsquo;Antenne 2, M. Elkabbach a \u00e9t\u00e9 PDG de France 2 et France 3 de 1993 \u00e0 1996. Il y avait favoris\u00e9 l&rsquo;ascension de nouveaux animateurs comme Jean-Luc Delarue, Arthur ou Nagui.<\/p>\n\n\n\n<p>Mais apr\u00e8s la r\u00e9v\u00e9lation des contrats de centaines de millions de francs attribu\u00e9s aux animateurs-producteurs stars de France 2, il avait \u00e9t\u00e9 accul\u00e9 \u00e0 la d\u00e9mission en 1996. Le groupe Lagard\u00e8re, propri\u00e9taire d&rsquo;Europe 1, a aussi salu\u00e9 la m\u00e9moire de M. Elkabbach, qui a laiss\u00e9 \u00ab\u00a0une empreinte ind\u00e9l\u00e9bile dans l&rsquo;histoire de la station\u00a0\u00bb.<\/p>\n\n\n\n<p>Dans un communiqu\u00e9, son PDG Arnaud Lagard\u00e8re a \u00e9voqu\u00e9 \u00ab\u00a0une voix indissociable d&rsquo;Europe 1 qui a accompagn\u00e9 les Fran\u00e7ais durant plus de 50 ans\u00a0\u00bb.<\/p>\n","protected":false},"excerpt":{"rendered":"<p>Le v\u00e9t\u00e9ran du journalisme politique et ancien pr\u00e9sident d&rsquo;Europe 1 et France T\u00e9l\u00e9visions Jean-Pierre Elkabbach a \u00e9t\u00e9 inhum\u00e9 aujourd&rsquo;hui au cimeti\u00e8re du Montparnasse \u00e0 Paris, en pr\u00e9sence de nombreuses personnalit\u00e9s politiques et du monde des m\u00e9dias, a constat\u00e9 l&rsquo;AFP. L&rsquo;ex-pr\u00e9sident Fran\u00e7ois Hollande, la Premi\u00e8re dame Brigitte Macron, les anciens ministres de droite Brice Hortefeux et [&hellip;]<\/p>\n","protected":false},"author":2,"featured_media":25720,"comment_status":"open","ping_status":"open","sticky":false,"template":"","format":"standard","meta":{"_jetpack_memberships_contains_paid_content":false,"footnotes":"","jetpack_publicize_message":"","jetpack_publicize_feature_enabled":true,"jetpack_social_post_already_shared":true,"jetpack_social_options":{"image_generator_settings":{"template":"highway","default_image_id":0,"font":"","enabled":false},"version":2},"_wpas_customize_per_network":false},"categories":[68],"tags":[],"class_list":["post-25719","post","type-post","status-publish","format-standard","has-post-thumbnail","hentry","category-actu-culturelle"],"jetpack_publicize_connections":[],"jetpack_featured_media_url":"https:\/\/i0.wp.com\/www.iceagetv.com\/radiosite\/wp-content\/uploads\/2023\/10\/Le-veteran-du-journalisme-politique-et-ancien-president-dEurope-1.jpg?fit=652%2C284&ssl=1","jetpack_sharing_enabled":true,"_links":{"self":[{"href":"https:\/\/www.iceagetv.com\/radiosite\/wp-json\/wp\/v2\/posts\/25719","targetHints":{"allow":["GET"]}}],"collection":[{"href":"https:\/\/www.iceagetv.com\/radiosite\/wp-json\/wp\/v2\/posts"}],"about":[{"href":"https:\/\/www.iceagetv.com\/radiosite\/wp-json\/wp\/v2\/types\/post"}],"author":[{"embeddable":true,"href":"https:\/\/www.iceagetv.com\/radiosite\/wp-json\/wp\/v2\/users\/2"}],"replies":[{"embeddable":true,"href":"https:\/\/www.iceagetv.com\/radiosite\/wp-json\/wp\/v2\/comments?post=25719"}],"version-history":[{"count":1,"href":"https:\/\/www.iceagetv.com\/radiosite\/wp-json\/wp\/v2\/posts\/25719\/revisions"}],"predecessor-version":[{"id":25721,"href":"https:\/\/www.iceagetv.com\/radiosite\/wp-json\/wp\/v2\/posts\/25719\/revisions\/25721"}],"wp:featuredmedia":[{"embeddable":true,"href":"https:\/\/www.iceagetv.com\/radiosite\/wp-json\/wp\/v2\/media\/25720"}],"wp:attachment":[{"href":"https:\/\/www.iceagetv.com\/radiosite\/wp-json\/wp\/v2\/media?parent=25719"}],"wp:term":[{"taxonomy":"category","embeddable":true,"href":"https:\/\/www.iceagetv.com\/radiosite\/wp-json\/wp\/v2\/categories?post=25719"},{"taxonomy":"post_tag","embeddable":true,"href":"https:\/\/www.iceagetv.com\/radiosite\/wp-json\/wp\/v2\/tags?post=25719"}],"curies":[{"name":"wp","href":"https:\/\/api.w.org\/{rel}","templated":true}]}}