{"id":25722,"date":"2023-10-07T08:23:20","date_gmt":"2023-10-07T08:23:20","guid":{"rendered":"https:\/\/www.iceagetv.com\/radiosite\/?p=25722"},"modified":"2023-10-07T08:23:20","modified_gmt":"2023-10-07T08:23:20","slug":"le-budget-de-lelysee-dans-le-rouge-en-2023-avec-des-depenses-qui-ont-fortement-derape-creant-un-trou-de-plus-de-12-millions-deuros-dans-les-comptes","status":"publish","type":"post","link":"https:\/\/www.iceagetv.com\/radiosite\/le-budget-de-lelysee-dans-le-rouge-en-2023-avec-des-depenses-qui-ont-fortement-derape-creant-un-trou-de-plus-de-12-millions-deuros-dans-les-comptes\/","title":{"rendered":"Le budget de l&rsquo;\u00c9lys\u00e9e dans le rouge en 2023 avec des d\u00e9penses qui ont fortement d\u00e9rap\u00e9 cr\u00e9ant un trou de plus de 12 millions d&rsquo;euros dans les comptes"},"content":{"rendered":"\n<p>Selon une r\u00e9v\u00e9lation de l\u2019ancien d\u00e9put\u00e9 socialiste Ren\u00e9 Dosi\u00e8re, pr\u00e9sident de l&rsquo;Observatoire de l&rsquo;\u00e9thique publique, le budget du palais pr\u00e9sidentiel a \u00abd\u00e9rap\u00e9\u00bb de fa\u00e7on in\u00e9dite pour cette ann\u00e9e. Pour 2023, le budget vot\u00e9 s\u2019\u00e9levait \u00e0 114,4 millions d\u2019euros, mais pourrait bien atteindre \u00abentre 123 et 127 millions\u00bb, a indiqu\u00e9 Ren\u00e9 Dosi\u00e8re \u00e0 l\u2019AFP, d\u00e9plorant des explications \u00abencore partielles et parfois emberlificot\u00e9es\u00bb de l&rsquo;Elys\u00e9e.<\/p>\n\n\n\n<p>L\u2019augmentation observ\u00e9e par rapport \u00e0 l\u2019ann\u00e9e pr\u00e9c\u00e9dente s\u2019\u00e9l\u00e8ve \u00abentre 12 et 15%\u00bb. \u00abCe sont les d\u00e9penses de d\u00e9placements qui explosent\u00bb, \u00e0 23 millions au lieu des 16 millions pr\u00e9vus, selon des estimations officielles fournies dans le cadre du projet de loi de finances 2024.<\/p>\n\n\n\n<p>\u00abSi le pr\u00e9sident doit disposer des moyens n\u00e9cessaires \u00e0 son activit\u00e9, dont on admet volontiers qu&rsquo;elle varie en fonction de l&rsquo;actualit\u00e9, il est important qu&rsquo;il le fasse au meilleur co\u00fbt\u00bb, a indiqu\u00e9 l\u2019Observatoire dans la note, pr\u00e9cisant que les co\u00fbts unitaires des d\u00e9placements peuvent g\u00e9n\u00e9ralement fortement varier en fonction des moyens de transport utilis\u00e9s, mais aussi de la taille des d\u00e9l\u00e9gations.<\/p>\n\n\n\n<p>Indiquant toutefois que le budget \u00e9lys\u00e9en \u00abdemeure modeste\u00bb par rapport \u00e0 l&rsquo;ensemble des d\u00e9penses publiques, l\u2019Observatoire a not\u00e9 un d\u00e9rapage \u00e9tonnant, \u00abdu jamais vu depuis qu&rsquo;existe un budget pr\u00e9sidentiel\u00bb, a d\u00e9clar\u00e9 son pr\u00e9sident Ren\u00e9 Dosi\u00e8re.<\/p>\n\n\n\n<p>Pourtant, \u00abla r\u00e9organisation des services mise en place par Emmanuel Macron avait pour finalit\u00e9 un fonctionnement plus efficace et \u00e9conome\u00bb, a-t-il ajout\u00e9.<\/p>\n\n\n\n<p>Il \u00abfaudra attendre\u00bb le prochain rapport de la Cour des comptes \u00abpour avoir quelques explications\u00bb, \u00e9crit le pr\u00e9sident de l&rsquo;Observatoire de l&rsquo;\u00e9thique publique, qui r\u00e9unit des chercheurs et des parlementaires \u00abdans un cadre transpartisan\u00bb.<\/p>\n\n\n\n<p>Un document annex\u00e9 au projet de loi de finances 2024 pr\u00e9cise qu&rsquo;un ensemble de mesures d\u00e9di\u00e9es \u00e0 la ma\u00eetrise des d\u00e9penses de la pr\u00e9sidence devraient permettre de \u00abramener le niveau d&rsquo;atterrissage 2023\u00bb de 127,4 millions d&rsquo;euros \u00e0 122,9 millions d&rsquo;euros.<\/p>\n","protected":false},"excerpt":{"rendered":"<p>Selon une r\u00e9v\u00e9lation de l\u2019ancien d\u00e9put\u00e9 socialiste Ren\u00e9 Dosi\u00e8re, pr\u00e9sident de l&rsquo;Observatoire de l&rsquo;\u00e9thique publique, le budget du palais pr\u00e9sidentiel a \u00abd\u00e9rap\u00e9\u00bb de fa\u00e7on in\u00e9dite pour cette ann\u00e9e. Pour 2023, le budget vot\u00e9 s\u2019\u00e9levait \u00e0 114,4 millions d\u2019euros, mais pourrait bien atteindre \u00abentre 123 et 127 millions\u00bb, a indiqu\u00e9 Ren\u00e9 Dosi\u00e8re \u00e0 l\u2019AFP, d\u00e9plorant des [&hellip;]<\/p>\n","protected":false},"author":2,"featured_media":25723,"comment_status":"open","ping_status":"open","sticky":false,"template":"","format":"standard","meta":{"_jetpack_memberships_contains_paid_content":false,"footnotes":"","jetpack_publicize_message":"","jetpack_publicize_feature_enabled":true,"jetpack_social_post_already_shared":true,"jetpack_social_options":{"image_generator_settings":{"template":"highway","default_image_id":0,"font":"","enabled":false},"version":2},"_wpas_customize_per_network":false},"categories":[405],"tags":[],"class_list":["post-25722","post","type-post","status-publish","format-standard","has-post-thumbnail","hentry","category-actu-france-monde"],"jetpack_publicize_connections":[],"jetpack_featured_media_url":"https:\/\/i0.wp.com\/www.iceagetv.com\/radiosite\/wp-content\/uploads\/2023\/10\/Le-budget-de-lElysee-dans-le-rouge-en-2023.jpg?fit=679%2C293&ssl=1","jetpack_sharing_enabled":true,"_links":{"self":[{"href":"https:\/\/www.iceagetv.com\/radiosite\/wp-json\/wp\/v2\/posts\/25722","targetHints":{"allow":["GET"]}}],"collection":[{"href":"https:\/\/www.iceagetv.com\/radiosite\/wp-json\/wp\/v2\/posts"}],"about":[{"href":"https:\/\/www.iceagetv.com\/radiosite\/wp-json\/wp\/v2\/types\/post"}],"author":[{"embeddable":true,"href":"https:\/\/www.iceagetv.com\/radiosite\/wp-json\/wp\/v2\/users\/2"}],"replies":[{"embeddable":true,"href":"https:\/\/www.iceagetv.com\/radiosite\/wp-json\/wp\/v2\/comments?post=25722"}],"version-history":[{"count":1,"href":"https:\/\/www.iceagetv.com\/radiosite\/wp-json\/wp\/v2\/posts\/25722\/revisions"}],"predecessor-version":[{"id":25724,"href":"https:\/\/www.iceagetv.com\/radiosite\/wp-json\/wp\/v2\/posts\/25722\/revisions\/25724"}],"wp:featuredmedia":[{"embeddable":true,"href":"https:\/\/www.iceagetv.com\/radiosite\/wp-json\/wp\/v2\/media\/25723"}],"wp:attachment":[{"href":"https:\/\/www.iceagetv.com\/radiosite\/wp-json\/wp\/v2\/media?parent=25722"}],"wp:term":[{"taxonomy":"category","embeddable":true,"href":"https:\/\/www.iceagetv.com\/radiosite\/wp-json\/wp\/v2\/categories?post=25722"},{"taxonomy":"post_tag","embeddable":true,"href":"https:\/\/www.iceagetv.com\/radiosite\/wp-json\/wp\/v2\/tags?post=25722"}],"curies":[{"name":"wp","href":"https:\/\/api.w.org\/{rel}","templated":true}]}}