{"id":25742,"date":"2023-10-08T15:35:36","date_gmt":"2023-10-08T15:35:36","guid":{"rendered":"https:\/\/www.iceagetv.com\/radiosite\/?p=25742"},"modified":"2023-10-08T15:35:36","modified_gmt":"2023-10-08T15:35:36","slug":"attaque-du-hamas-brutale-aggravation-du-bilan-en-israel-avec-pres-de-600-morts-et-plus-de-2-000-blesses-le-quai-dorsay-annonce-la-mort-dune-francaise-en-israel","status":"publish","type":"post","link":"https:\/\/www.iceagetv.com\/radiosite\/attaque-du-hamas-brutale-aggravation-du-bilan-en-israel-avec-pres-de-600-morts-et-plus-de-2-000-blesses-le-quai-dorsay-annonce-la-mort-dune-francaise-en-israel\/","title":{"rendered":"Attaque du Hamas &#8211; Brutale aggravation du bilan en Isra\u00ebl avec pr\u00e8s de 600 morts et plus de 2.000 bless\u00e9s &#8211; Le Quai d&rsquo;Orsay annonce la mort d&rsquo;une Fran\u00e7aise en Isra\u00ebl"},"content":{"rendered":"\n<p><strong>Le Quai d&rsquo;Orsay annonce la mort d&rsquo;une Fran\u00e7aise en Isra\u00ebl.&nbsp;<\/strong>Une Fran\u00e7aise est morte en Isra\u00ebl, a annonc\u00e9 le Quai d&rsquo;Orsay dans un communiqu\u00e9. \u00ab\u00a0Nous avons appris avec tristesse le d\u00e9c\u00e8s tragique d&rsquo;une compatriote en Isra\u00ebl dans le contexte des attaques terroristes\u00a0\u00bb, \u00e9crit la diplomatie fran\u00e7aise, adressant ses \u00ab\u00a0condol\u00e9ances \u00e0 ses proches\u00a0\u00bb.<\/p>\n\n\n\n<p>Le minist\u00e8re des Affaires \u00e9trang\u00e8res assure par ailleurs que ses \u00e9quipes \u00ab\u00a0sont pleinement mobilis\u00e9es pour chercher \u00e0 clarifier la situation de plusieurs ressortissants qui n&rsquo;ont pu \u00eatre localis\u00e9s, en contact permanent avec leurs familles et en lien avec les autorit\u00e9s isra\u00e9liennes\u00a0\u00bb. N\u00a0\u00bbous r\u00e9it\u00e9rons nos consignes de stricte vigilance \u00e0 nos ressortissants r\u00e9sidents ou de passage et les invitons \u00e0 suivre les instructions des autorit\u00e9s locales et \u00e0 rester en contact avec nos repr\u00e9sentations diplomatiques\u00a0\u00bb<strong>Le gouvernement isra\u00e9lien a annonc\u00e9 ce dimanche 8 octobre que plus d&rsquo;une centaine d&rsquo;Isra\u00e9liens \u00e9taient faits prisonniers des mains du Hamas.Brutale aggravation du bilan en Isra\u00ebl avec pr\u00e8s de 600 personnes morts et plus de 2.000 bless\u00e9s<\/strong>\u00a0depuis les premi\u00e8res attaques, selon les estimations des responsables de la s\u00e9curit\u00e9 en Isra\u00ebl. Un bilan encore provisoire qui pourrait encore augmenter dans les prochaines heures.<strong>Sur France Inter, l&rsquo;ambassadrice de la Palestine en France, Hala Abou-Hassira, \u00ab\u00a0d\u00e9plore la perte de vies de chaque c\u00f4t\u00e9\u00a0\u00bb, mais estime que c&rsquo;est \u00ab\u00a0le peuple palestinien dans son enti\u00e8ret\u00e9 qui est pris en otage par Isra\u00ebl\u00a0\u00bb<\/strong>. Elle critique les propos de Benyamin N\u00e9tanyahou appelant les habitants de Gaza \u00e0 partir pour \u00e9chapper \u00e0 la riposte de l&rsquo;arm\u00e9e isra\u00e9lienne : \u00ab\u00a0Via quelle fronti\u00e8re ? C&rsquo;est le blocus le plus inhumain impos\u00e9 sur la bande de Gaza, personne ne sait o\u00f9 aller<\/p>\n","protected":false},"excerpt":{"rendered":"<p>Le Quai d&rsquo;Orsay annonce la mort d&rsquo;une Fran\u00e7aise en Isra\u00ebl.&nbsp;Une Fran\u00e7aise est morte en Isra\u00ebl, a annonc\u00e9 le Quai d&rsquo;Orsay dans un communiqu\u00e9. \u00ab\u00a0Nous avons appris avec tristesse le d\u00e9c\u00e8s tragique d&rsquo;une compatriote en Isra\u00ebl dans le contexte des attaques terroristes\u00a0\u00bb, \u00e9crit la diplomatie fran\u00e7aise, adressant ses \u00ab\u00a0condol\u00e9ances \u00e0 ses proches\u00a0\u00bb. Le minist\u00e8re des Affaires [&hellip;]<\/p>\n","protected":false},"author":2,"featured_media":25729,"comment_status":"open","ping_status":"open","sticky":false,"template":"","format":"standard","meta":{"_jetpack_memberships_contains_paid_content":false,"footnotes":"","jetpack_publicize_message":"","jetpack_publicize_feature_enabled":true,"jetpack_social_post_already_shared":true,"jetpack_social_options":{"image_generator_settings":{"template":"highway","default_image_id":0,"font":"","enabled":false},"version":2},"_wpas_customize_per_network":false},"categories":[405],"tags":[],"class_list":["post-25742","post","type-post","status-publish","format-standard","has-post-thumbnail","hentry","category-actu-france-monde"],"jetpack_publicize_connections":[],"jetpack_featured_media_url":"https:\/\/i0.wp.com\/www.iceagetv.com\/radiosite\/wp-content\/uploads\/2023\/10\/Israel.jpg?fit=679%2C293&ssl=1","jetpack_sharing_enabled":true,"_links":{"self":[{"href":"https:\/\/www.iceagetv.com\/radiosite\/wp-json\/wp\/v2\/posts\/25742","targetHints":{"allow":["GET"]}}],"collection":[{"href":"https:\/\/www.iceagetv.com\/radiosite\/wp-json\/wp\/v2\/posts"}],"about":[{"href":"https:\/\/www.iceagetv.com\/radiosite\/wp-json\/wp\/v2\/types\/post"}],"author":[{"embeddable":true,"href":"https:\/\/www.iceagetv.com\/radiosite\/wp-json\/wp\/v2\/users\/2"}],"replies":[{"embeddable":true,"href":"https:\/\/www.iceagetv.com\/radiosite\/wp-json\/wp\/v2\/comments?post=25742"}],"version-history":[{"count":1,"href":"https:\/\/www.iceagetv.com\/radiosite\/wp-json\/wp\/v2\/posts\/25742\/revisions"}],"predecessor-version":[{"id":25743,"href":"https:\/\/www.iceagetv.com\/radiosite\/wp-json\/wp\/v2\/posts\/25742\/revisions\/25743"}],"wp:featuredmedia":[{"embeddable":true,"href":"https:\/\/www.iceagetv.com\/radiosite\/wp-json\/wp\/v2\/media\/25729"}],"wp:attachment":[{"href":"https:\/\/www.iceagetv.com\/radiosite\/wp-json\/wp\/v2\/media?parent=25742"}],"wp:term":[{"taxonomy":"category","embeddable":true,"href":"https:\/\/www.iceagetv.com\/radiosite\/wp-json\/wp\/v2\/categories?post=25742"},{"taxonomy":"post_tag","embeddable":true,"href":"https:\/\/www.iceagetv.com\/radiosite\/wp-json\/wp\/v2\/tags?post=25742"}],"curies":[{"name":"wp","href":"https:\/\/api.w.org\/{rel}","templated":true}]}}