{"id":25748,"date":"2023-10-09T15:54:40","date_gmt":"2023-10-09T15:54:40","guid":{"rendered":"https:\/\/www.iceagetv.com\/radiosite\/?p=25748"},"modified":"2023-10-09T15:54:40","modified_gmt":"2023-10-09T15:54:40","slug":"lassemblee-nationale-examine-a-partir-daujourdhui-un-projet-de-loi-devant-avancer-les-negociations-commerciales-entre-grands-industriels-et-supermarches-afin-de-faire-baisser-les-prix-en","status":"publish","type":"post","link":"https:\/\/www.iceagetv.com\/radiosite\/lassemblee-nationale-examine-a-partir-daujourdhui-un-projet-de-loi-devant-avancer-les-negociations-commerciales-entre-grands-industriels-et-supermarches-afin-de-faire-baisser-les-prix-en\/","title":{"rendered":"L\u2019Assembl\u00e9e nationale examine \u00e0 partir d&rsquo;aujourd&rsquo;hui un projet de loi devant avancer les n\u00e9gociations commerciales entre grands industriels et supermarch\u00e9s, afin de faire baisser les prix en rayons"},"content":{"rendered":"\n<p>L\u2019Assembl\u00e9e nationale examine \u00e0 partir d&rsquo;aujourd&rsquo;hui un projet de loi devant avancer les n\u00e9gociations commerciales entre grands industriels et supermarch\u00e9s, afin de faire baisser les prix en rayons mais avec un r\u00e9sultat non garanti, m\u00eame si l\u2019inflation ralentit. Pour la quatri\u00e8me fois en cinq ans, le Parlement va se pencher sur la l\u00e9gislation encadrant ces n\u00e9gociations commerciales.<\/p>\n\n\n\n<p>Tournant chaque ann\u00e9e \u00e0 la foire d\u2019empoigne, elles permettent au terme de plusieurs semaines d\u2019\u00e2pres discussions de fixer les conditions (prix d\u2019achat, place en rayon, calendrier promotionnel&#8230;) auxquelles les E.Leclerc, Carrefour, Intermarch\u00e9 ou Syst\u00e8me U vont s\u2019approvisionner pour l\u2019ensemble de l\u2019ann\u00e9e aupr\u00e8s de leurs fournisseurs. Le gouvernement entend avancer au 15 janvier, au lieu du 1er mars, la date \u00e0 laquelle doivent se conclure les n\u00e9gociations pour 2024.<\/p>\n\n\n\n<p>Une majorit\u00e9 des produits vendus dans les supermarch\u00e9s sont concern\u00e9s par ces n\u00e9gociations annuelles: les produits \u00e0 marque dite nationale, Danone, Nutella, Nescaf\u00e9 ou Cochonou par exemple. Ces produits repr\u00e9sentent par exemple les deux tiers des ventes de Carrefour.<\/p>\n\n\n\n<p>L\u2019objet des pr\u00e9c\u00e9dentes lois sur le sujet, Egalim 1 (2018) et 2 (2021), et Descrozaille plus r\u00e9cemment, avaient pour objectif d\u2019une part d\u2019emp\u00eacher que les producteurs agricoles ne fassent les frais de la guerre des prix, et d\u2019autre part de renforcer le poids des industriels face \u00e0 la grande distribution. Mais surtout depuis l\u2019invasion de l\u2019Ukraine par la Russie, l\u2019inflation alimentaire s\u2019est impos\u00e9e comme un sujet majeur en France.<\/p>\n\n\n\n<p>Le gouvernement avait press\u00e9 mi-2022 toutes les entreprises de ren\u00e9gocier \u00e0 la hausse en cours d\u2019ann\u00e9e pour mieux r\u00e9mun\u00e9rer des industriels confront\u00e9s \u00e0 la hausse de leurs co\u00fbts. En 2023, il est intervenu cette fois pour demander la r\u00e9percussion \u00e0 la baisse d\u2019un certain nombre de prix de gros, sans que cela ne se traduise par des baisses de prix sensibles en rayons. D\u2019o\u00f9 la volont\u00e9 d\u2019avancer d\u2019un mois et demi le calendrier de 2024, dans l\u2019espoir de voir des prix plus bas plus vite en rayons.<\/p>\n\n\n\n<p>M\u00eame pour un changement de calendrier ponctuel, il est n\u00e9cessaire d\u2019en passer par la loi car la date-butoir habituelle figure dans le Code de commerce. Le gouvernement avait annonc\u00e9 vouloir n\u2019avancer le calendrier que pour les 75 plus gros industriels.<\/p>\n","protected":false},"excerpt":{"rendered":"<p>L\u2019Assembl\u00e9e nationale examine \u00e0 partir d&rsquo;aujourd&rsquo;hui un projet de loi devant avancer les n\u00e9gociations commerciales entre grands industriels et supermarch\u00e9s, afin de faire baisser les prix en rayons mais avec un r\u00e9sultat non garanti, m\u00eame si l\u2019inflation ralentit. Pour la quatri\u00e8me fois en cinq ans, le Parlement va se pencher sur la l\u00e9gislation encadrant ces [&hellip;]<\/p>\n","protected":false},"author":2,"featured_media":25749,"comment_status":"open","ping_status":"open","sticky":false,"template":"","format":"standard","meta":{"_jetpack_memberships_contains_paid_content":false,"footnotes":"","jetpack_publicize_message":"","jetpack_publicize_feature_enabled":true,"jetpack_social_post_already_shared":true,"jetpack_social_options":{"image_generator_settings":{"template":"highway","default_image_id":0,"font":"","enabled":false},"version":2},"_wpas_customize_per_network":false},"categories":[405],"tags":[],"class_list":["post-25748","post","type-post","status-publish","format-standard","has-post-thumbnail","hentry","category-actu-france-monde"],"jetpack_publicize_connections":[],"jetpack_featured_media_url":"https:\/\/i0.wp.com\/www.iceagetv.com\/radiosite\/wp-content\/uploads\/2023\/10\/un-projet-de-loi-devant-avancer-les-negociations-commerciales-entre-grands-industriels-et-supermarches.jpg?fit=679%2C293&ssl=1","jetpack_sharing_enabled":true,"_links":{"self":[{"href":"https:\/\/www.iceagetv.com\/radiosite\/wp-json\/wp\/v2\/posts\/25748","targetHints":{"allow":["GET"]}}],"collection":[{"href":"https:\/\/www.iceagetv.com\/radiosite\/wp-json\/wp\/v2\/posts"}],"about":[{"href":"https:\/\/www.iceagetv.com\/radiosite\/wp-json\/wp\/v2\/types\/post"}],"author":[{"embeddable":true,"href":"https:\/\/www.iceagetv.com\/radiosite\/wp-json\/wp\/v2\/users\/2"}],"replies":[{"embeddable":true,"href":"https:\/\/www.iceagetv.com\/radiosite\/wp-json\/wp\/v2\/comments?post=25748"}],"version-history":[{"count":1,"href":"https:\/\/www.iceagetv.com\/radiosite\/wp-json\/wp\/v2\/posts\/25748\/revisions"}],"predecessor-version":[{"id":25750,"href":"https:\/\/www.iceagetv.com\/radiosite\/wp-json\/wp\/v2\/posts\/25748\/revisions\/25750"}],"wp:featuredmedia":[{"embeddable":true,"href":"https:\/\/www.iceagetv.com\/radiosite\/wp-json\/wp\/v2\/media\/25749"}],"wp:attachment":[{"href":"https:\/\/www.iceagetv.com\/radiosite\/wp-json\/wp\/v2\/media?parent=25748"}],"wp:term":[{"taxonomy":"category","embeddable":true,"href":"https:\/\/www.iceagetv.com\/radiosite\/wp-json\/wp\/v2\/categories?post=25748"},{"taxonomy":"post_tag","embeddable":true,"href":"https:\/\/www.iceagetv.com\/radiosite\/wp-json\/wp\/v2\/tags?post=25748"}],"curies":[{"name":"wp","href":"https:\/\/api.w.org\/{rel}","templated":true}]}}