{"id":25757,"date":"2023-10-10T15:55:14","date_gmt":"2023-10-10T15:55:14","guid":{"rendered":"https:\/\/www.iceagetv.com\/radiosite\/?p=25757"},"modified":"2023-10-10T15:55:14","modified_gmt":"2023-10-10T15:55:14","slug":"le-chanteur-gerald-de-palmas-annonce-dans-une-video-mettre-fin-a-sa-carriere-en-raison-dun-probleme-de-voix-recurrent","status":"publish","type":"post","link":"https:\/\/www.iceagetv.com\/radiosite\/le-chanteur-gerald-de-palmas-annonce-dans-une-video-mettre-fin-a-sa-carriere-en-raison-dun-probleme-de-voix-recurrent\/","title":{"rendered":"Le chanteur G\u00e9rald de Palmas annonce dans une vid\u00e9o mettre fin \u00e0 sa carri\u00e8re en raison d&rsquo;un \u00ab\u00a0probl\u00e8me de voix r\u00e9current"},"content":{"rendered":"\n<p>C&rsquo;est une annonce faite sur son compte Instagram. Alors que son prochain album, intitul\u00e9 \u00ab\u00a0Sous un soleil de plomb\u00a0\u00bb, sortira le 10 novembre prochain, G\u00e9rald de Palmas annonce mettre fin \u00e0 sa carri\u00e8re. \u00ab\u00a0J\u2019y ai mis toute mon \u00e9nergie et tout mon c\u0153ur, mais ce sera le dernier de ma carri\u00e8re\u00a0\u00bb, d\u00e9bute-t-il dans un message.<\/p>\n\n\n\n<p>Et d&rsquo;ajouter : \u00ab\u00a0Un probl\u00e8me r\u00e9current de voix me laisse dans une incertitude permanente, et je ne sais jamais du jour au lendemain quel sera l\u2019\u00e9tat de ma voix. C\u2019est g\u00e9rable pour enregistrer car je peux choisir le moment o\u00f9 je suis au top, mais pas pour partir en tourn\u00e9e ou faire la promotion\u00a0\u00bb.<\/p>\n\n\n\n<p>\u00ab\u00a0Devant ce dilemme, je pr\u00e9f\u00e8re arr\u00eater. Je vous remercie toutes et tous de m\u2019avoir suivi depuis plus de 30 ans, et de m\u2019avoir offert une si belle carri\u00e8re\u00a0\u00bb, conclut-il.<\/p>\n\n\n\n<p>Dans une vid\u00e9o, le chanteur connu pour ses titres \u00ab\u00a0Sur la route\u00a0\u00bb ou encore \u00ab\u00a0J&rsquo;en r\u00eave encore\u00a0\u00bb donne plus de d\u00e9tails. \u00ab\u00a0Malheureusement, un probl\u00e8me de voix r\u00e9current m&#8217;emp\u00eache d&rsquo;avoir une voix constante. Pour l&rsquo;enregistrement, ce n&rsquo;est pas g\u00eanant. En revanche, pour les concerts et la promo, c&rsquo;est assez invivable. Je me vois contraint d&rsquo;arr\u00eater, en tout cas sous cette forme, ma carri\u00e8re\u00a0\u00bb, a-t-il confi\u00e9.<\/p>\n\n\n\n<p>Et de continuer : \u00ab\u00a0Je ne m&#8217;emp\u00eache pas de travailler pour d&rsquo;autres ou d&rsquo;enregistrer un truc de temps en temps. Je ne peux pas poursuivre une carri\u00e8re avec ce probl\u00e8me r\u00e9current \u00e0 la voix (&#8230;) Tout va bien, je suis content de ma carri\u00e8re\u00a0\u00bb.<\/p>\n","protected":false},"excerpt":{"rendered":"<p>C&rsquo;est une annonce faite sur son compte Instagram. Alors que son prochain album, intitul\u00e9 \u00ab\u00a0Sous un soleil de plomb\u00a0\u00bb, sortira le 10 novembre prochain, G\u00e9rald de Palmas annonce mettre fin \u00e0 sa carri\u00e8re. \u00ab\u00a0J\u2019y ai mis toute mon \u00e9nergie et tout mon c\u0153ur, mais ce sera le dernier de ma carri\u00e8re\u00a0\u00bb, d\u00e9bute-t-il dans un message. [&hellip;]<\/p>\n","protected":false},"author":2,"featured_media":25758,"comment_status":"open","ping_status":"open","sticky":false,"template":"","format":"standard","meta":{"_jetpack_memberships_contains_paid_content":false,"footnotes":"","jetpack_publicize_message":"","jetpack_publicize_feature_enabled":true,"jetpack_social_post_already_shared":true,"jetpack_social_options":{"image_generator_settings":{"template":"highway","default_image_id":0,"font":"","enabled":false},"version":2},"_wpas_customize_per_network":false},"categories":[68],"tags":[],"class_list":["post-25757","post","type-post","status-publish","format-standard","has-post-thumbnail","hentry","category-actu-culturelle"],"jetpack_publicize_connections":[],"jetpack_featured_media_url":"https:\/\/i0.wp.com\/www.iceagetv.com\/radiosite\/wp-content\/uploads\/2023\/10\/Le-chanteur-Gerald-de-Palmas.jpg?fit=327%2C121&ssl=1","jetpack_sharing_enabled":true,"_links":{"self":[{"href":"https:\/\/www.iceagetv.com\/radiosite\/wp-json\/wp\/v2\/posts\/25757","targetHints":{"allow":["GET"]}}],"collection":[{"href":"https:\/\/www.iceagetv.com\/radiosite\/wp-json\/wp\/v2\/posts"}],"about":[{"href":"https:\/\/www.iceagetv.com\/radiosite\/wp-json\/wp\/v2\/types\/post"}],"author":[{"embeddable":true,"href":"https:\/\/www.iceagetv.com\/radiosite\/wp-json\/wp\/v2\/users\/2"}],"replies":[{"embeddable":true,"href":"https:\/\/www.iceagetv.com\/radiosite\/wp-json\/wp\/v2\/comments?post=25757"}],"version-history":[{"count":1,"href":"https:\/\/www.iceagetv.com\/radiosite\/wp-json\/wp\/v2\/posts\/25757\/revisions"}],"predecessor-version":[{"id":25759,"href":"https:\/\/www.iceagetv.com\/radiosite\/wp-json\/wp\/v2\/posts\/25757\/revisions\/25759"}],"wp:featuredmedia":[{"embeddable":true,"href":"https:\/\/www.iceagetv.com\/radiosite\/wp-json\/wp\/v2\/media\/25758"}],"wp:attachment":[{"href":"https:\/\/www.iceagetv.com\/radiosite\/wp-json\/wp\/v2\/media?parent=25757"}],"wp:term":[{"taxonomy":"category","embeddable":true,"href":"https:\/\/www.iceagetv.com\/radiosite\/wp-json\/wp\/v2\/categories?post=25757"},{"taxonomy":"post_tag","embeddable":true,"href":"https:\/\/www.iceagetv.com\/radiosite\/wp-json\/wp\/v2\/tags?post=25757"}],"curies":[{"name":"wp","href":"https:\/\/api.w.org\/{rel}","templated":true}]}}