{"id":25765,"date":"2023-10-11T17:58:25","date_gmt":"2023-10-11T17:58:25","guid":{"rendered":"https:\/\/www.iceagetv.com\/radiosite\/?p=25765"},"modified":"2023-10-11T17:58:25","modified_gmt":"2023-10-11T17:58:25","slug":"attaque-du-hamas-luniversite-de-bordeaux-annule-une-conference-de-jean-luc-melenchon-en-raison-de-risques-de-troubles-a-lordre-public-apres-les-reactions-de-lfi-a-la-situation-en-israel","status":"publish","type":"post","link":"https:\/\/www.iceagetv.com\/radiosite\/attaque-du-hamas-luniversite-de-bordeaux-annule-une-conference-de-jean-luc-melenchon-en-raison-de-risques-de-troubles-a-lordre-public-apres-les-reactions-de-lfi-a-la-situation-en-israel\/","title":{"rendered":"Attaque du Hamas : L&rsquo;universit\u00e9 de Bordeaux annule une conf\u00e9rence de Jean-Luc M\u00e9lenchon, en raison de \u00ab\u00a0risques de troubles \u00e0 l&rsquo;ordre public\u00a0\u00bb apr\u00e8s les r\u00e9actions de LFI \u00e0 la situation en Isra\u00ebl"},"content":{"rendered":"\n<p>L&rsquo;universit\u00e9 de Bordeaux annonce l&rsquo;annulation d&rsquo;une conf\u00e9rence de Jean-Luc M\u00e9lenchon, en raison de \u00ab\u00a0risques de troubles \u00e0 l&rsquo;ordre public\u00a0\u00bb. Le leader de la France insoumise venait y pr\u00e9senter son dernier livre, Faites mieux ! Vers la r\u00e9volution citoyenne, une \u00ab\u00a0analyse critique du monde et du capitalisme\u00a0\u00bb.<\/p>\n\n\n\n<p>\u00ab\u00a0Devant les risques av\u00e9r\u00e9s de troubles \u00e0 l&rsquo;ordre public, d&rsquo;atteinte \u00e0 la s\u00e9curit\u00e9 des personnes et des biens, et l&rsquo;ampleur des moyens de s\u00e9curit\u00e9 requis, l&rsquo;universit\u00e9 de Bordeaux a pris la d\u00e9cision vendredi 6 octobre dernier d&rsquo;annuler la tenue de cet \u00e9v\u00e8nement dans ses locaux\u00a0\u00bb pr\u00e9vu ce mercredi soir, pr\u00e9cise dans un communiqu\u00e9 la facult\u00e9 sans pr\u00e9ciser la nature de ces risques.<\/p>\n\n\n\n<p>Cette annulation a \u00e9t\u00e9 d\u00e9cid\u00e9e avant la pol\u00e9mique sur les r\u00e9actions de la France Insoumise face \u00e0 l&rsquo;attaque du Hamas contre Isra\u00ebl.<\/p>\n\n\n\n<p>Dans une newsletter, LFI explique que l&rsquo;universit\u00e9 aurait pris cette d\u00e9cision \u00ab\u00a0\u00e0 cause des menaces de l&rsquo;extr\u00eame droite\u00a0\u00bb et \u00ab\u00a0malgr\u00e9 les 900 personnes inscrites\u00a0\u00bb.<\/p>\n\n\n\n<p>En d\u00e9cembre dernier, une conf\u00e9rence des d\u00e9put\u00e9s Louis Boyard et Carlos Martens Bilongo avait \u00e9t\u00e9 interrompue par l&rsquo;irruption d&rsquo;individus cagoul\u00e9s et arm\u00e9s de barres de fer, sur un autre campus de la ville. La police est intervenue, et l&rsquo;\u00e9v\u00e9nement avait pu se poursuivre. Les deux d\u00e9put\u00e9s avaient port\u00e9 plainte.<\/p>\n","protected":false},"excerpt":{"rendered":"<p>L&rsquo;universit\u00e9 de Bordeaux annonce l&rsquo;annulation d&rsquo;une conf\u00e9rence de Jean-Luc M\u00e9lenchon, en raison de \u00ab\u00a0risques de troubles \u00e0 l&rsquo;ordre public\u00a0\u00bb. Le leader de la France insoumise venait y pr\u00e9senter son dernier livre, Faites mieux ! Vers la r\u00e9volution citoyenne, une \u00ab\u00a0analyse critique du monde et du capitalisme\u00a0\u00bb. \u00ab\u00a0Devant les risques av\u00e9r\u00e9s de troubles \u00e0 l&rsquo;ordre public, [&hellip;]<\/p>\n","protected":false},"author":2,"featured_media":25766,"comment_status":"open","ping_status":"open","sticky":false,"template":"","format":"standard","meta":{"_jetpack_memberships_contains_paid_content":false,"footnotes":"","jetpack_publicize_message":"","jetpack_publicize_feature_enabled":true,"jetpack_social_post_already_shared":true,"jetpack_social_options":{"image_generator_settings":{"template":"highway","default_image_id":0,"font":"","enabled":false},"version":2},"_wpas_customize_per_network":false},"categories":[405],"tags":[],"class_list":["post-25765","post","type-post","status-publish","format-standard","has-post-thumbnail","hentry","category-actu-france-monde"],"jetpack_publicize_connections":[],"jetpack_featured_media_url":"https:\/\/i0.wp.com\/www.iceagetv.com\/radiosite\/wp-content\/uploads\/2023\/10\/Luniversite-de-Bordeaux-annule-une-conference-de-Jean-Luc-Melenchon.jpg?fit=602%2C232&ssl=1","jetpack_sharing_enabled":true,"_links":{"self":[{"href":"https:\/\/www.iceagetv.com\/radiosite\/wp-json\/wp\/v2\/posts\/25765","targetHints":{"allow":["GET"]}}],"collection":[{"href":"https:\/\/www.iceagetv.com\/radiosite\/wp-json\/wp\/v2\/posts"}],"about":[{"href":"https:\/\/www.iceagetv.com\/radiosite\/wp-json\/wp\/v2\/types\/post"}],"author":[{"embeddable":true,"href":"https:\/\/www.iceagetv.com\/radiosite\/wp-json\/wp\/v2\/users\/2"}],"replies":[{"embeddable":true,"href":"https:\/\/www.iceagetv.com\/radiosite\/wp-json\/wp\/v2\/comments?post=25765"}],"version-history":[{"count":1,"href":"https:\/\/www.iceagetv.com\/radiosite\/wp-json\/wp\/v2\/posts\/25765\/revisions"}],"predecessor-version":[{"id":25767,"href":"https:\/\/www.iceagetv.com\/radiosite\/wp-json\/wp\/v2\/posts\/25765\/revisions\/25767"}],"wp:featuredmedia":[{"embeddable":true,"href":"https:\/\/www.iceagetv.com\/radiosite\/wp-json\/wp\/v2\/media\/25766"}],"wp:attachment":[{"href":"https:\/\/www.iceagetv.com\/radiosite\/wp-json\/wp\/v2\/media?parent=25765"}],"wp:term":[{"taxonomy":"category","embeddable":true,"href":"https:\/\/www.iceagetv.com\/radiosite\/wp-json\/wp\/v2\/categories?post=25765"},{"taxonomy":"post_tag","embeddable":true,"href":"https:\/\/www.iceagetv.com\/radiosite\/wp-json\/wp\/v2\/tags?post=25765"}],"curies":[{"name":"wp","href":"https:\/\/api.w.org\/{rel}","templated":true}]}}