{"id":25772,"date":"2023-10-12T09:06:54","date_gmt":"2023-10-12T09:06:54","guid":{"rendered":"https:\/\/www.iceagetv.com\/radiosite\/?p=25772"},"modified":"2023-10-12T09:06:54","modified_gmt":"2023-10-12T09:06:54","slug":"polemique-a-strasbourg-apres-le-retrait-du-drapeau-israelien-de-lhotel-de-ville","status":"publish","type":"post","link":"https:\/\/www.iceagetv.com\/radiosite\/polemique-a-strasbourg-apres-le-retrait-du-drapeau-israelien-de-lhotel-de-ville\/","title":{"rendered":"Pol\u00e9mique \u00e0 Strasbourg apr\u00e8s le retrait du drapeau isra\u00e9lien de l&rsquo;H\u00f4tel de ville"},"content":{"rendered":"\n<p>La mairie de Strasbourg a d\u00e9cid\u00e9 de retirer ce mercredi les drapeaux d&rsquo;Isra\u00ebl, de l&rsquo;Ukraine et de l&rsquo;Arm\u00e9nie pour mettre \u00e0 la place un message de paix. L&rsquo;opposition d\u00e9nonce une d\u00e9cision inacceptable. Le pr\u00e9sident du consistoire isra\u00e9lite du Bas-Rhin aussi.<a rel=\"noreferrer noopener\" href=\"https:\/\/www.francebleu.fr\/infos\/international\/guerre-israel-hamas-le-bilan-des-attaques-s-alourdit-a-1-200-morts-cote-israelien-1348493\" target=\"_blank\">Apr\u00e8s les attaques du Hamas,<\/a>\u00a0le drapeau d&rsquo;Isra\u00ebl a \u00e9t\u00e9 hiss\u00e9 sur le fronton de l&rsquo;H\u00f4tel de ville de Strasbourg, place Broglie. La maire, Jeanne Barseghian, indique dans un courrier ce mercredi matin avoir pris la d\u00e9cision de retirer le drapeau d&rsquo;Isra\u00ebl, celui de l&rsquo;Ukraine et de l&rsquo;Arm\u00e9nie, estimant que \u00ab\u00a0<em>la juxtaposition de drapeaux nuit \u00e0 la lisibilit\u00e9\u00a0\u00bb<\/em>\u00a0du message. La mairie installe \u00e0 la place un message de paix \u00ab\u00a0<em>portant haut nos valeurs<\/em>\u00ab\u00a0.<\/p>\n\n\n\n<h2 class=\"wp-block-heading\">Une d\u00e9cision qui choque le pr\u00e9sident du consistoire isra\u00e9lite du Bas-Rhin<\/h2>\n\n\n\n<p>Cette d\u00e9cision suscite l&rsquo;incompr\u00e9hension du pr\u00e9sident du consistoire isra\u00e9lite du Bas-Rhin Maurice Dahan&nbsp;: \u00ab\u00a0<em>J&rsquo;ai \u00e9t\u00e9 fier d&rsquo;\u00eatre Strasbourgeois quand j&rsquo;ai vu que la Maire avait d\u00e9cid\u00e9 de d\u00e9ployer le drapeau sur la fa\u00e7ade de la mairie, et l\u00e0, je d\u00e9couvre avec des arguments fallacieux que le drapeau isra\u00e9lien aux c\u00f4t\u00e9s de ceux de l&rsquo;Ukraine et de l&rsquo;Arm\u00e9nie, \u00e7a tuait la communication&nbsp;? le message n&rsquo;\u00e9tait plus clair&nbsp;?<\/em>\u00ab\u00a0, d\u00e9clare Maurice Dahan pr\u00e9sident du consistoire isra\u00e9lite du Bas-Rhin sur France Bleu Alsace, \u00ab\u00a0<em>l\u00e0, je suis m\u00eame honteux d&rsquo;\u00eatre Strasbourgeois<\/em>.&nbsp;<em>La maire envoie un message horrible \u00e0 nos concitoyens, elle a cass\u00e9 quelque chose et je ne sais pas comment je vais contenir la col\u00e8re de notre communaut\u00e9<\/em>\u00ab\u00a0.<\/p>\n\n\n\n<p>Dans un communiqu\u00e9 commun, l&rsquo;opposition d\u00e9nonce \u00ab\u00a0<em>une d\u00e9cision inacceptable<\/em>\u00a0\u00bb et appelle solennellement la Maire \u00e0 revenir sur cette d\u00e9cision. Le drapeau isra\u00e9lien s&rsquo;affiche toujours sur de nombreuses mairies des grandes villes fran\u00e7aises ainsi que devant l&rsquo;h\u00f4tel de R\u00e9gion \u00e0 Strasbourg, la Collectivit\u00e9 europ\u00e9enne d&rsquo;Alsace devrait suivre.<\/p>\n","protected":false},"excerpt":{"rendered":"<p>La mairie de Strasbourg a d\u00e9cid\u00e9 de retirer ce mercredi les drapeaux d&rsquo;Isra\u00ebl, de l&rsquo;Ukraine et de l&rsquo;Arm\u00e9nie pour mettre \u00e0 la place un message de paix. L&rsquo;opposition d\u00e9nonce une d\u00e9cision inacceptable. Le pr\u00e9sident du consistoire isra\u00e9lite du Bas-Rhin aussi.Apr\u00e8s les attaques du Hamas,\u00a0le drapeau d&rsquo;Isra\u00ebl a \u00e9t\u00e9 hiss\u00e9 sur le fronton de l&rsquo;H\u00f4tel de [&hellip;]<\/p>\n","protected":false},"author":2,"featured_media":25773,"comment_status":"open","ping_status":"open","sticky":false,"template":"","format":"standard","meta":{"_jetpack_memberships_contains_paid_content":false,"footnotes":"","jetpack_publicize_message":"","jetpack_publicize_feature_enabled":true,"jetpack_social_post_already_shared":true,"jetpack_social_options":{"image_generator_settings":{"template":"highway","default_image_id":0,"font":"","enabled":false},"version":2},"_wpas_customize_per_network":false},"categories":[405],"tags":[],"class_list":["post-25772","post","type-post","status-publish","format-standard","has-post-thumbnail","hentry","category-actu-france-monde"],"jetpack_publicize_connections":[],"jetpack_featured_media_url":"https:\/\/i0.wp.com\/www.iceagetv.com\/radiosite\/wp-content\/uploads\/2023\/10\/1200x680_sc_maxnewsworldsix071833.jpg?fit=1200%2C680&ssl=1","jetpack_sharing_enabled":true,"_links":{"self":[{"href":"https:\/\/www.iceagetv.com\/radiosite\/wp-json\/wp\/v2\/posts\/25772","targetHints":{"allow":["GET"]}}],"collection":[{"href":"https:\/\/www.iceagetv.com\/radiosite\/wp-json\/wp\/v2\/posts"}],"about":[{"href":"https:\/\/www.iceagetv.com\/radiosite\/wp-json\/wp\/v2\/types\/post"}],"author":[{"embeddable":true,"href":"https:\/\/www.iceagetv.com\/radiosite\/wp-json\/wp\/v2\/users\/2"}],"replies":[{"embeddable":true,"href":"https:\/\/www.iceagetv.com\/radiosite\/wp-json\/wp\/v2\/comments?post=25772"}],"version-history":[{"count":1,"href":"https:\/\/www.iceagetv.com\/radiosite\/wp-json\/wp\/v2\/posts\/25772\/revisions"}],"predecessor-version":[{"id":25774,"href":"https:\/\/www.iceagetv.com\/radiosite\/wp-json\/wp\/v2\/posts\/25772\/revisions\/25774"}],"wp:featuredmedia":[{"embeddable":true,"href":"https:\/\/www.iceagetv.com\/radiosite\/wp-json\/wp\/v2\/media\/25773"}],"wp:attachment":[{"href":"https:\/\/www.iceagetv.com\/radiosite\/wp-json\/wp\/v2\/media?parent=25772"}],"wp:term":[{"taxonomy":"category","embeddable":true,"href":"https:\/\/www.iceagetv.com\/radiosite\/wp-json\/wp\/v2\/categories?post=25772"},{"taxonomy":"post_tag","embeddable":true,"href":"https:\/\/www.iceagetv.com\/radiosite\/wp-json\/wp\/v2\/tags?post=25772"}],"curies":[{"name":"wp","href":"https:\/\/api.w.org\/{rel}","templated":true}]}}