{"id":25775,"date":"2023-10-12T16:19:46","date_gmt":"2023-10-12T16:19:46","guid":{"rendered":"https:\/\/www.iceagetv.com\/radiosite\/?p=25775"},"modified":"2023-10-12T16:19:46","modified_gmt":"2023-10-12T16:19:46","slug":"deux-manifestations-pro-palestiniennes-qui-devaient-se-tenir-ce-soir-a-paris-ont-ete-interdites-par-arrete-par-le-prefet-de-police-de-paris-laurent-nunez","status":"publish","type":"post","link":"https:\/\/www.iceagetv.com\/radiosite\/deux-manifestations-pro-palestiniennes-qui-devaient-se-tenir-ce-soir-a-paris-ont-ete-interdites-par-arrete-par-le-prefet-de-police-de-paris-laurent-nunez\/","title":{"rendered":"Deux manifestations pro-palestiniennes qui devaient se tenir ce soir \u00e0 Paris ont \u00e9t\u00e9 interdites par arr\u00eat\u00e9 par le pr\u00e9fet de police de Paris, Laurent Nunez"},"content":{"rendered":"\n<p>Deux manifestations pro-palestiniennes qui devaient se tenir ce soir \u00e0 Paris ont \u00e9t\u00e9 interdites par arr\u00eat\u00e9 par le pr\u00e9fet de police de Paris, Laurent Nunez, a annonc\u00e9 la pr\u00e9fecture de police de Paris. Cette interdiction a \u00e9t\u00e9 prise \u00ab compte tenu des risques de troubles \u00e0 l\u2019ordre public \u00bb, alors qu\u2019elles devaient se tenir place de La R\u00e9publique \u00e0 18H00.<\/p>\n\n\n\n<p>Plusieurs manifestations pro-palestiniennes ont \u00e9t\u00e9 interdites d\u00e9j\u00e0 dans plusieurs villes du territoire, pour cette m\u00eame raison.<\/p>\n\n\n\n<p>Dans un communiqu\u00e9, l\u2019association \u00ab France Palestine solidarit\u00e9 \u00bb, \u00e0 l\u2019origine d\u2019une des deux manifestations parisiennes, a annonc\u00e9 contester la d\u00e9cision : \u00ab Nous d\u00e9non\u00e7ons les interdictions des manifestations de solidarit\u00e9 avec le peuple palestinien.<\/p>\n\n\n\n<p>\u00c0 Paris, le rassemblement pr\u00e9vu jeudi soir a \u00e9t\u00e9 interdit, ce que nous allons contester devant les tribunaux. Nous exigeons le respect du droit \u00e0 la libert\u00e9 d\u2019expression et de r\u00e9union \u00bb<\/p>\n","protected":false},"excerpt":{"rendered":"<p>Deux manifestations pro-palestiniennes qui devaient se tenir ce soir \u00e0 Paris ont \u00e9t\u00e9 interdites par arr\u00eat\u00e9 par le pr\u00e9fet de police de Paris, Laurent Nunez, a annonc\u00e9 la pr\u00e9fecture de police de Paris. Cette interdiction a \u00e9t\u00e9 prise \u00ab compte tenu des risques de troubles \u00e0 l\u2019ordre public \u00bb, alors qu\u2019elles devaient se tenir place [&hellip;]<\/p>\n","protected":false},"author":2,"featured_media":25776,"comment_status":"open","ping_status":"open","sticky":false,"template":"","format":"standard","meta":{"_jetpack_memberships_contains_paid_content":false,"footnotes":"","jetpack_publicize_message":"","jetpack_publicize_feature_enabled":true,"jetpack_social_post_already_shared":true,"jetpack_social_options":{"image_generator_settings":{"template":"highway","default_image_id":0,"font":"","enabled":false},"version":2},"_wpas_customize_per_network":false},"categories":[405],"tags":[],"class_list":["post-25775","post","type-post","status-publish","format-standard","has-post-thumbnail","hentry","category-actu-france-monde"],"jetpack_publicize_connections":[],"jetpack_featured_media_url":"https:\/\/i0.wp.com\/www.iceagetv.com\/radiosite\/wp-content\/uploads\/2023\/10\/Deux-manifestations-pro-palestiniennes.jpg?fit=679%2C293&ssl=1","jetpack_sharing_enabled":true,"_links":{"self":[{"href":"https:\/\/www.iceagetv.com\/radiosite\/wp-json\/wp\/v2\/posts\/25775","targetHints":{"allow":["GET"]}}],"collection":[{"href":"https:\/\/www.iceagetv.com\/radiosite\/wp-json\/wp\/v2\/posts"}],"about":[{"href":"https:\/\/www.iceagetv.com\/radiosite\/wp-json\/wp\/v2\/types\/post"}],"author":[{"embeddable":true,"href":"https:\/\/www.iceagetv.com\/radiosite\/wp-json\/wp\/v2\/users\/2"}],"replies":[{"embeddable":true,"href":"https:\/\/www.iceagetv.com\/radiosite\/wp-json\/wp\/v2\/comments?post=25775"}],"version-history":[{"count":1,"href":"https:\/\/www.iceagetv.com\/radiosite\/wp-json\/wp\/v2\/posts\/25775\/revisions"}],"predecessor-version":[{"id":25777,"href":"https:\/\/www.iceagetv.com\/radiosite\/wp-json\/wp\/v2\/posts\/25775\/revisions\/25777"}],"wp:featuredmedia":[{"embeddable":true,"href":"https:\/\/www.iceagetv.com\/radiosite\/wp-json\/wp\/v2\/media\/25776"}],"wp:attachment":[{"href":"https:\/\/www.iceagetv.com\/radiosite\/wp-json\/wp\/v2\/media?parent=25775"}],"wp:term":[{"taxonomy":"category","embeddable":true,"href":"https:\/\/www.iceagetv.com\/radiosite\/wp-json\/wp\/v2\/categories?post=25775"},{"taxonomy":"post_tag","embeddable":true,"href":"https:\/\/www.iceagetv.com\/radiosite\/wp-json\/wp\/v2\/tags?post=25775"}],"curies":[{"name":"wp","href":"https:\/\/api.w.org\/{rel}","templated":true}]}}